{"id":1017,"date":"2016-05-16T07:54:15","date_gmt":"2016-05-16T11:54:15","guid":{"rendered":"http:\/\/mestrouvailles.ca\/?p=1017"},"modified":"2016-05-16T07:54:15","modified_gmt":"2016-05-16T11:54:15","slug":"chere-liberte","status":"publish","type":"post","link":"https:\/\/mestrouvailles.ca\/index.php\/2016\/05\/16\/chere-liberte\/","title":{"rendered":"Ch\u00e8re libert\u00e9&#8230;"},"content":{"rendered":"<p>Ce matin, j\u2019aurais aim\u00e9 lire Foglia. J\u2019aurais voulu savoir ce que le roi des mots pensait de ce qu\u2019on peut maintenant appeler le cas Nantel+Ward. Avoir sa r\u00e9action face \u00e0 ce qui est devenu un gros ramassis de n\u2019importe quoi. Car je vais \u00eatre tout \u00e0 fait transparente ce matin\u00a0: je suis profond\u00e9ment d\u00e9\u00e7ue de la fa\u00e7on dont a \u00e9t\u00e9 g\u00e9r\u00e9 cet \u00e9pisode. Oui, c\u2019est inqui\u00e9tant de voir que la libert\u00e9 d\u2019expression \u00eatre brim\u00e9e par une compagnie d\u2019assurance frileuse. Mais non, on ne peut pas utiliser comme un fourre-tout une situation pr\u00e9cise pour en faire un faux d\u00e9bat.<\/p>\n<p>Que des humoristes d\u00e9montrent leur soutien \u00e0 leurs coll\u00e8gues en se muselant, je peux vivre avec. Mais quand on lit tout ce qui s\u2019est dit, et son contraire, on en devient vite blas\u00e9 et surtout conscient que la majorit\u00e9 des gens se servent de cette cause pour vomir leur venin sur les r\u00e9seaux sociaux. Et j\u2019en ai plus que marre que les gens se cachent derri\u00e8re un \u00e9cran pour \u00e9crire, n\u2019importe comment en plus, des absurdit\u00e9s d\u2019enfants g\u00e2t\u00e9s. Et oui, c\u2019est un lundi mont\u00e9e de lait.<\/p>\n<p>J\u2019ai \u00e9crit sur mon blogue que j\u2019y partageais mes coups de c\u0153ur et mes coups de gueule et ce matin, j\u2019ai envie de m\u2019exprimer sur le traitement r\u00e9serv\u00e9 \u00e0 cette temp\u00eate dans un verre d\u2019eau. Il faut savoir d\u00e9partager les choses et \u00e0 lire ce qui se dit actuellement, j\u2019ai l\u2019impression que cette facult\u00e9 est en dormance depuis quelques temps. Des num\u00e9ros d\u2019Yvon Deschamps en passant par RBO et Guillaume Wagner, on en a entendu des vertes et des pas m\u00fbres alors calmons-nous le pompon sur l\u2019utilisation du mot dictature. La situation d\u00e9licate de Mike Ward concernant son \u00ab\u00a0conflit\u00a0\u00bb avec J\u00e9r\u00e9my Gabriel (que je suis bien tann\u00e9 d\u2019entendre le petit J\u00e9r\u00e9my car il a eu le temps de grandir et de vieillir depuis le temps), c\u2019est un sujet en soi. Et qu\u2019une compagnie d\u2019assurance ait la chienne au point d\u2019exiger des modifications au point o\u00f9 le num\u00e9ro ne tient plus debout, ce n\u2019est pas normal mais c\u2019est de la foutue <em>business<\/em>. Ils n\u2019avaient pas envie de stresser avec \u00e7a\u2026 Et c\u2019est vraiment dommage mais un moment donn\u00e9, il faut en revenir.<\/p>\n<p>Je suis all\u00e9e visionner le sketch en question sur Youtube et bien honn\u00eatement, et il s\u2019agit ici de mon humble opinion, je ne crois que ce num\u00e9ro aurait chang\u00e9 l\u2019allure du gala. On est tr\u00e8s loin de l\u2019humour intelligent d\u2019Yvon Deschamps qui, m\u00eame \u00e0 retardement, nous faisait encore rire. Je suis contente ce matin de lire certains chroniqueurs parler de la r\u00e9action un peu gonfl\u00e9e et exag\u00e9r\u00e9 face \u00e0 cette affaire. Et que ceux qui ont compar\u00e9 cela \u00e0 Dieudonn\u00e9 se garde une petite g\u00eane\u2026<\/p>\n<p>On dirait que la possibilit\u00e9 de s\u2019exprimer \u00e0 tout vent sur les m\u00e9dias sociaux a fait du moindre quidam un journaliste. Mais, si jamais le commun des mortels ne le savait pas, la majorit\u00e9 des num\u00e9ros de t\u00e9l\u00e9vision ou de radio sont scrut\u00e9s par des avocats pour \u00e9viter des poursuites. Alors on peut se calmer le bouton censure quand une modification est demand\u00e9e\u2026 La libert\u00e9 d\u2019expression ne signifie pas de pouvoir n\u2019importe quoi. Et elle ne met pas de c\u00f4t\u00e9 la notion de respect.<\/p>\n<p>J\u2019aimerais terminer sur un petit conseil\u00a0: quand vous vous appr\u00eatez \u00e0 publier un commentaire sur internet, que ce soit en r\u00e9action \u00e0 un article ou une opinion sur votre page Facebook, posez-vous la question suivante\u00a0: si la personne \u00e9tait devant moi, est-ce que je lui dirais exactement la m\u00eame chose? Pour ma part, je peux vous dire que si vous \u00e9tiez devant moi actuellement, mon discours serait le m\u00eame.<\/p>\n<p>\u00a0<\/p>\n<p>Unsplash |\u00a0Seth Doyle<\/p>\n","protected":false},"excerpt":{"rendered":"<p>Ce matin, j\u2019aurais aim\u00e9 lire Foglia. J\u2019aurais voulu savoir ce que le roi des mots pensait de ce qu\u2019on peut&hellip;<\/p>\n","protected":false},"author":1,"featured_media":1018,"comment_status":"open","ping_status":"open","sticky":false,"template":"","format":"standard","meta":{"footnotes":""},"categories":[117],"tags":[],"class_list":["post-1017","post","type-post","status-publish","format-standard","has-post-thumbnail","hentry","category-reflexion"],"_links":{"self":[{"href":"https:\/\/mestrouvailles.ca\/index.php\/wp-json\/wp\/v2\/posts\/1017","targetHints":{"allow":["GET"]}}],"collection":[{"href":"https:\/\/mestrouvailles.ca\/index.php\/wp-json\/wp\/v2\/posts"}],"about":[{"href":"https:\/\/mestrouvailles.ca\/index.php\/wp-json\/wp\/v2\/types\/post"}],"author":[{"embeddable":true,"href":"https:\/\/mestrouvailles.ca\/index.php\/wp-json\/wp\/v2\/users\/1"}],"replies":[{"embeddable":true,"href":"https:\/\/mestrouvailles.ca\/index.php\/wp-json\/wp\/v2\/comments?post=1017"}],"version-history":[{"count":1,"href":"https:\/\/mestrouvailles.ca\/index.php\/wp-json\/wp\/v2\/posts\/1017\/revisions"}],"predecessor-version":[{"id":1019,"href":"https:\/\/mestrouvailles.ca\/index.php\/wp-json\/wp\/v2\/posts\/1017\/revisions\/1019"}],"wp:featuredmedia":[{"embeddable":true,"href":"https:\/\/mestrouvailles.ca\/index.php\/wp-json\/wp\/v2\/media\/1018"}],"wp:attachment":[{"href":"https:\/\/mestrouvailles.ca\/index.php\/wp-json\/wp\/v2\/media?parent=1017"}],"wp:term":[{"taxonomy":"category","embeddable":true,"href":"https:\/\/mestrouvailles.ca\/index.php\/wp-json\/wp\/v2\/categories?post=1017"},{"taxonomy":"post_tag","embeddable":true,"href":"https:\/\/mestrouvailles.ca\/index.php\/wp-json\/wp\/v2\/tags?post=1017"}],"curies":[{"name":"wp","href":"https:\/\/api.w.org\/{rel}","templated":true}]}}