{"id":1112,"date":"2016-06-22T08:24:53","date_gmt":"2016-06-22T12:24:53","guid":{"rendered":"http:\/\/mestrouvailles.ca\/?p=1112"},"modified":"2016-06-22T08:24:53","modified_gmt":"2016-06-22T12:24:53","slug":"le-rythme-de-nos-vies","status":"publish","type":"post","link":"https:\/\/mestrouvailles.ca\/index.php\/2016\/06\/22\/le-rythme-de-nos-vies\/","title":{"rendered":"Le rythme de nos vies&#8230;"},"content":{"rendered":"<p>Devoir se lever en plein milieu de la nuit, quand c\u2019est pour partir en vacances, aller prendre l\u2019avion ou traverser les lignes, c\u2019est exaltant, excitant et l\u2019adr\u00e9naline aide \u00e0 combattre le sommeil. Mais quand il s\u2019agit de se lever pour mettre en ligne des nouveaux sites Web, disons que le corps n\u2019a pas la m\u00eame r\u00e9action. Ce matin j\u2019ai d\u00fb me lever avant 4 h\u2026 et je sais pertinemment que l\u2019adr\u00e9naline commence \u00e0 retomber et que j\u2019en aurai pour plusieurs jours \u00e0 payer le prix de ce chamboulement d\u2019horaire.<\/p>\n<p>On s\u2019habitue rapidement \u00e0 un rythme de vie, \u00e0 une routine. J\u2019ai toujours \u00e9t\u00e9 une l\u00e8ve-t\u00f4t car j\u2019appr\u00e9cie le calme du matin, j\u2019aime arriver avant tout le monde pour voir la vie prendre forme lentement, pour m\u2019acclimater tranquillement au lieu d\u2019arriver dans le flot intense directement. Je croise toujours les m\u00eames voisins qui eux, \u00e9tant \u00e0 la retraite, ont comme habitudes de promener leur chien, de courir un 5 km ou de marcher tout simplement en profitant de la vie. Et \u00e0 chaque fois, je les envie un peu.<\/p>\n<p>Avoir le temps de prendre son temps, de savourer les petits moments de la journ\u00e9e quand, autour de soi, tout va si vite, ce doit \u00eatre particuli\u00e8rement agr\u00e9able. Pouvoir jardiner en plein jour, aller prendre un caf\u00e9 alors que tout le monde est press\u00e9, faire son \u00e9picerie calmement en dehors des heures de grand achalandage, pouvoir visiter un mus\u00e9e ou aller au cin\u00e9ma en pleine semaine\u2026 Je ne sais pas pourquoi mais il me semble qu\u2019il y a quelque chose de jouissif dans cette possibilit\u00e9 de savourer pleinement la vie.<\/p>\n<p>Peut-\u00eatre suis-je simplement trop occup\u00e9e et qu\u2019en r\u00e9alit\u00e9, ce n\u2019est pas si magique que cela mais \u00e0 voir certaines personnes retrait\u00e9es de mon entourage, je ressens un calme \u00e9manant d\u2019eux et \u00e7a me plait. Vous me direz surement qu\u2019il n\u2019est pas n\u00e9cessaire d\u2019attendre la retraite pour profiter de la vie mais disons que de ne pas avoir \u00e0 se lever le matin t\u00f4t pour aller travailler, se jeter dans le trafic, dans le m\u00e9tro ou l\u2019autobus pour se rendre \u00e0 temps au bureau, \u00e7a aide \u00e0 rester d\u00e9tendu.<\/p>\n<p>Quand je peux travailler de la maison, j\u2019ai d\u00e9j\u00e0 un certain d\u00e9tachement face au rythme effr\u00e9n\u00e9 de la ville et de tous ces travailleurs qui se pr\u00e9cipitent autour de moi pour gagner quelques secondes de plus\u2026 Et chaque fois, je r\u00e9alise \u00e0 quel point le t\u00e9l\u00e9-travail est merveilleux. Je ne comprends toujours pas pourquoi les employeurs ne sont pas plus enclins \u00e0 favoriser cette tendance qui, preuves \u00e0 l\u2019appui, am\u00e9liore les performances et l\u2019efficacit\u00e9 des ressources. Savoir que son \u00e9quipe de travail excelle, livre mieux et est moins stress\u00e9e devrait apparaitre au top des crit\u00e8res d\u2019un gestionnaire. Malheureusement la soif de contr\u00f4le est encore trop pr\u00e9sente dans notre soci\u00e9t\u00e9.<\/p>\n<p>Mais je ne d\u00e9sesp\u00e8re pas et comme on dit, qui ne demande rien n\u2019a rien. Alors je ne manque pas de parler de cette exp\u00e9rience favorable dans les milieux professionnels, \u00e0 partager des \u00e9tudes et \u00e0 t\u00e9moigner de l\u2019effet b\u00e9n\u00e9fique que cela procure. Au pire, on me r\u00e9pond s\u00e8chement que ce n\u2019est qu\u2019un caprice (oui oui on m\u2019a d\u00e9j\u00e0 r\u00e9pondu cela) et au mieux, on s\u2019y int\u00e9resse et on tente l\u2019exp\u00e9rience.<\/p>\n<p>&nbsp;<\/p>\n<p>Photo\u00a0:\u00a0Unsplash |\u00a0taner ardal\u0131<\/p>\n","protected":false},"excerpt":{"rendered":"<p>Devoir se lever en plein milieu de la nuit, quand c\u2019est pour partir en vacances, aller prendre l\u2019avion ou traverser&hellip;<\/p>\n","protected":false},"author":1,"featured_media":1113,"comment_status":"open","ping_status":"open","sticky":false,"template":"","format":"standard","meta":{"footnotes":""},"categories":[117],"tags":[],"class_list":["post-1112","post","type-post","status-publish","format-standard","has-post-thumbnail","hentry","category-reflexion"],"_links":{"self":[{"href":"https:\/\/mestrouvailles.ca\/index.php\/wp-json\/wp\/v2\/posts\/1112","targetHints":{"allow":["GET"]}}],"collection":[{"href":"https:\/\/mestrouvailles.ca\/index.php\/wp-json\/wp\/v2\/posts"}],"about":[{"href":"https:\/\/mestrouvailles.ca\/index.php\/wp-json\/wp\/v2\/types\/post"}],"author":[{"embeddable":true,"href":"https:\/\/mestrouvailles.ca\/index.php\/wp-json\/wp\/v2\/users\/1"}],"replies":[{"embeddable":true,"href":"https:\/\/mestrouvailles.ca\/index.php\/wp-json\/wp\/v2\/comments?post=1112"}],"version-history":[{"count":1,"href":"https:\/\/mestrouvailles.ca\/index.php\/wp-json\/wp\/v2\/posts\/1112\/revisions"}],"predecessor-version":[{"id":1114,"href":"https:\/\/mestrouvailles.ca\/index.php\/wp-json\/wp\/v2\/posts\/1112\/revisions\/1114"}],"wp:featuredmedia":[{"embeddable":true,"href":"https:\/\/mestrouvailles.ca\/index.php\/wp-json\/wp\/v2\/media\/1113"}],"wp:attachment":[{"href":"https:\/\/mestrouvailles.ca\/index.php\/wp-json\/wp\/v2\/media?parent=1112"}],"wp:term":[{"taxonomy":"category","embeddable":true,"href":"https:\/\/mestrouvailles.ca\/index.php\/wp-json\/wp\/v2\/categories?post=1112"},{"taxonomy":"post_tag","embeddable":true,"href":"https:\/\/mestrouvailles.ca\/index.php\/wp-json\/wp\/v2\/tags?post=1112"}],"curies":[{"name":"wp","href":"https:\/\/api.w.org\/{rel}","templated":true}]}}