{"id":1155,"date":"2016-07-12T07:45:25","date_gmt":"2016-07-12T11:45:25","guid":{"rendered":"http:\/\/mestrouvailles.ca\/?p=1155"},"modified":"2016-07-12T07:45:25","modified_gmt":"2016-07-12T11:45:25","slug":"positif-ou-negatif","status":"publish","type":"post","link":"https:\/\/mestrouvailles.ca\/index.php\/2016\/07\/12\/positif-ou-negatif\/","title":{"rendered":"Positif ou n\u00e9gatif?"},"content":{"rendered":"<p>On entend souvent dire qu\u2019on r\u00e9colte ce que l\u2019on s\u00e8me et qu\u2019il nous arrive ce que l\u2019on attire. Et parfois, tristement, on r\u00e9alise que certaines personnes devraient peut-\u00eatre revoir leur concept de vie. Je m\u2019explique\u2026<\/p>\n<p>Hier, j\u2019\u00e9tais assise bien sagement dans la salle d\u2019attente du centre de pr\u00e9l\u00e8vement de l\u2019H\u00f4pital de la Cit\u00e9-de-la-Sant\u00e9 pour y faire faire mes prises de sang bisannuelles. Maladie de Crohn oblige\u2026 Pr\u00e8s de moi, parmi la masse de gens impatients, 2 dames, visiblement m\u00e8re et fille, discutent. Ou plut\u00f4t, se plaignent. Pendant les 2 heures et quelques que j\u2019ai \u00e9t\u00e9 dans cette espace restreint d\u2019attente, elles ont chial\u00e9. Le temps d\u2019attente trop long, la temp\u00e9rature inad\u00e9quate, le manque de savoir-vivre du personnel (que moi j\u2019ai trouv\u00e9 particuli\u00e8rement sympathique cette journ\u00e9e-l\u00e0)\u2026 Bref, tout y est pass\u00e9, m\u00eame la couleur des murs!<\/p>\n<p>Et je me disais\u00a0: mais pourquoi? Pourquoi perdre autant d\u2019\u00e9nergie dans le n\u00e9gativisme? Bien s\u00fbr que ce n\u2019est pas plaisant d\u2019attendre ainsi, tous cord\u00e9s, dans un lieu qui, on va se le dire, ne sent pas la rose. Mais \u00e7a ne s\u2019am\u00e9liorera pas magiquement parce qu\u2019on se plaint! Aussi bien tenter de rester positif et de voir le bon c\u00f4t\u00e9 des choses, non? Au moins, on n\u2019a pas peur qu\u2019une bombe tombe pr\u00e8s de nous, on est \u00e0 l\u2019air climatis\u00e9, on n\u2019est pas en train de mourir de faim et la malaria ne menace pas nos vies. C\u2019est d\u00e9j\u00e0 pas mal je trouve!<\/p>\n<p>L\u00e0 o\u00f9 je veux en venir, c\u2019est qu\u2019il est tellement facile de se plaindre tout le temps de tout. Et je m\u2019inclus dans cela, je suis tr\u00e8s bonne pour mettre en lumi\u00e8re l\u2019aspect n\u00e9gatif d\u2019une situation. Mais j\u2019essaie d\u2019en prendre conscience et de m\u2019ajuster, de voir aussi le bon c\u00f4t\u00e9. Il ne faut pas vivre dans un monde de licornes et se mettre la t\u00eate dans le sable mais n\u2019y a-t-il pas moyen de trouver un juste milieu et d\u2019appr\u00e9cier ce que l\u2019on a?<\/p>\n<p>Si on passe nos journ\u00e9es \u00e0 tout critiquer, n\u2019attire-t-on pas des gens comme nous, des chialeurs, des \u00e9ternels insatisfaits, des parasites? \u00c0 voir toujours le c\u00f4t\u00e9 sombre de tout, en vient-on \u00e0 \u00eatre incapable de savourer le bien, de contempler la beaut\u00e9 du monde? Devient-on aigri \u00e0 force de bougonner? J\u2019en ai bien peur et \u00e0 voir certaines personnes aller, je crois qu\u2019il n\u2019est pas faux de croire que \u00e7a devient bien ancr\u00e9\u2026<\/p>\n<p>Il me semble qu\u2019on devrait profiter de notre vie pour avoir des sentiments positifs et enrichissants, tenter de faire ressortir le bon en chaque personne et essayer de comprendre et d\u2019accepter au lieu de rejeter, miner l\u2019\u00e9nergie autour et sacrer. J\u2019ai fr\u00e9quent\u00e9 pendant quelques temps un homme qui \u00e9tait souvent dans le n\u00e9gatif, mettait l\u2019emphase sur ce qui n\u2019allait pas, ce qui clochait et l\u2019aga\u00e7ait et j\u2019ai r\u00e9alis\u00e9 \u00e0 quel point cela m\u2019avait stress\u00e9 et amen\u00e9 \u00e0 un \u00e9tat de sant\u00e9 chancelant. Au sortir de cette relation, mon \u00e9nergie s\u2019est renouvel\u00e9e et avec le recul j\u2019ai compris que son \u00e9nergie n\u00e9gative m\u2019avait tout simplement \u00e9cras\u00e9 et \u00e9touff\u00e9.<\/p>\n<p>Soyons conscient de ce que l\u2019on d\u00e9gage autour de nous et r\u00e9fl\u00e9chissons \u00e0 ce que l\u2019on veut apporter dans notre entourage. On pr\u00e9f\u00e8re \u00eatre le petit nuage noir qui assombrit les esprits ou bien le petit rayon de soleil qui illumine les c\u0153urs?<\/p>\n<p>&nbsp;<\/p>\n<p>Photo : Unsplash |\u00a0Mario Trunz<\/p>\n","protected":false},"excerpt":{"rendered":"<p>On entend souvent dire qu\u2019on r\u00e9colte ce que l\u2019on s\u00e8me et qu\u2019il nous arrive ce que l\u2019on attire. Et parfois,&hellip;<\/p>\n","protected":false},"author":1,"featured_media":1156,"comment_status":"open","ping_status":"open","sticky":false,"template":"","format":"standard","meta":{"footnotes":""},"categories":[117],"tags":[],"class_list":["post-1155","post","type-post","status-publish","format-standard","has-post-thumbnail","hentry","category-reflexion"],"_links":{"self":[{"href":"https:\/\/mestrouvailles.ca\/index.php\/wp-json\/wp\/v2\/posts\/1155","targetHints":{"allow":["GET"]}}],"collection":[{"href":"https:\/\/mestrouvailles.ca\/index.php\/wp-json\/wp\/v2\/posts"}],"about":[{"href":"https:\/\/mestrouvailles.ca\/index.php\/wp-json\/wp\/v2\/types\/post"}],"author":[{"embeddable":true,"href":"https:\/\/mestrouvailles.ca\/index.php\/wp-json\/wp\/v2\/users\/1"}],"replies":[{"embeddable":true,"href":"https:\/\/mestrouvailles.ca\/index.php\/wp-json\/wp\/v2\/comments?post=1155"}],"version-history":[{"count":1,"href":"https:\/\/mestrouvailles.ca\/index.php\/wp-json\/wp\/v2\/posts\/1155\/revisions"}],"predecessor-version":[{"id":1157,"href":"https:\/\/mestrouvailles.ca\/index.php\/wp-json\/wp\/v2\/posts\/1155\/revisions\/1157"}],"wp:featuredmedia":[{"embeddable":true,"href":"https:\/\/mestrouvailles.ca\/index.php\/wp-json\/wp\/v2\/media\/1156"}],"wp:attachment":[{"href":"https:\/\/mestrouvailles.ca\/index.php\/wp-json\/wp\/v2\/media?parent=1155"}],"wp:term":[{"taxonomy":"category","embeddable":true,"href":"https:\/\/mestrouvailles.ca\/index.php\/wp-json\/wp\/v2\/categories?post=1155"},{"taxonomy":"post_tag","embeddable":true,"href":"https:\/\/mestrouvailles.ca\/index.php\/wp-json\/wp\/v2\/tags?post=1155"}],"curies":[{"name":"wp","href":"https:\/\/api.w.org\/{rel}","templated":true}]}}