{"id":1251,"date":"2016-08-19T09:30:06","date_gmt":"2016-08-19T13:30:06","guid":{"rendered":"http:\/\/mestrouvailles.ca\/?p=1251"},"modified":"2016-08-19T09:31:56","modified_gmt":"2016-08-19T13:31:56","slug":"a-ne-pas-manquer-la-grande-fabrique","status":"publish","type":"post","link":"https:\/\/mestrouvailles.ca\/index.php\/2016\/08\/19\/a-ne-pas-manquer-la-grande-fabrique\/","title":{"rendered":"\u00c0 ne pas manquer : La Grande Fabrique"},"content":{"rendered":"<p>Plus d&rsquo;une centaine d&rsquo;artisans, de cr\u00e9ateurs qu\u00e9b\u00e9cois et d\u2019organismes se rassemblent cette fin de semaine afin de vous exposer le fruit de leur travail. La Grande Fabrique animera le quartier Hochelaga-Maisonneuve pour une dixi\u00e8me \u00e9dition et \u00e0 voir la liste des participants, je crois sinc\u00e8rement que \u00e7a vaut le d\u00e9placement.<\/p>\n<p>Produits \u00e9coresponsables, locaux et \u00e9thiques seront disponibles aux visiteurs, le tout divis\u00e9 en quatre sections install\u00e9es sur la rue Sainte-Catherine Est entre le boulevard Pie-IX et l\u2019avenue Bennett. Les cinq zones de d\u00e9couvertes et de plaisirs se d\u00e9coupent ainsi :<\/p>\n<ul>\n<li>Etsy Montr\u00e9al<\/li>\n<li>Mode et accessoires<\/li>\n<li>Habitation<\/li>\n<li>Bien-\u00eatre<\/li>\n<li>Divers<\/li>\n<\/ul>\n<p>\u00c0 cela s\u2019ajoute la participation de \u00ab\u00a0OuiShare\u00a0\u00bb. C\u2019est un super bel ajout que l\u2019organisation a fait cette ann\u00e9e pour pr\u00e9senter quatre innovations \u00e9cologiques d\u00e9velopp\u00e9es \u00e0 l&rsquo;\u00e9co2fest lors du forum social mondial et le projet \u00e9cosph\u00e8re.<\/p>\n<p>Dans la section bien-\u00eatre, vous pourrez aussi profiter d\u2019un march\u00e9 public o\u00f9 des producteurs mara\u00eechers locaux et des traiteurs vous feront d\u00e9couvrir des produits faits maison et biologiques. Parcours anim\u00e9 et festif, vous pourrez faire de belles d\u00e9couvertes et adopter de nouvelles habitudes pour un mode de vie plus \u00e9coresponsable.<\/p>\n<p>Dans le parc Morgan, une zone famille sera install\u00e9e afin de faire une pause. Jeux d\u2019eau, maquillage pour enfants, jeux gonflables et autres animations raviront les petits pendant que les grands profiteront de la zone bar am\u00e9nag\u00e9e pour l\u2019occasion et anim\u00e9e par des petits spectacles acoustiques.<\/p>\n<figure id=\"attachment_1252\" aria-describedby=\"caption-attachment-1252\" style=\"width: 810px\" class=\"wp-caption alignnone\"><a href=\"https:\/\/mestrouvailles.ca\/wp-content\/uploads\/2016\/08\/LaGrandeFabrique2016_Carte_Recto-01-01_0.jpg\"><img loading=\"lazy\" decoding=\"async\" class=\"wp-image-1252 size-full\" src=\"https:\/\/mestrouvailles.ca\/wp-content\/uploads\/2016\/08\/LaGrandeFabrique2016_Carte_Recto-01-01_0.jpg\" alt=\"La Grande Fabrique 2016\" width=\"810\" height=\"540\" srcset=\"https:\/\/mestrouvailles.ca\/wp-content\/uploads\/2016\/08\/LaGrandeFabrique2016_Carte_Recto-01-01_0.jpg 810w, https:\/\/mestrouvailles.ca\/wp-content\/uploads\/2016\/08\/LaGrandeFabrique2016_Carte_Recto-01-01_0-300x200.jpg 300w, https:\/\/mestrouvailles.ca\/wp-content\/uploads\/2016\/08\/LaGrandeFabrique2016_Carte_Recto-01-01_0-768x512.jpg 768w, https:\/\/mestrouvailles.ca\/wp-content\/uploads\/2016\/08\/LaGrandeFabrique2016_Carte_Recto-01-01_0-600x400.jpg 600w\" sizes=\"auto, (max-width: 810px) 100vw, 810px\" \/><\/a><figcaption id=\"caption-attachment-1252\" class=\"wp-caption-text\">La Grande Fabrique 2016<\/figcaption><\/figure>\n<p>Alors pourquoi ne pas aller y faire un tour pour se procurer de bons produits mais surtout pour rencontrer des artisans et cr\u00e9ateurs d\u2019ici, passionn\u00e9s et d\u00e9vou\u00e9s. La belle temp\u00e9rature sera au rendez-vous ainsi que la cr\u00e9ativit\u00e9 des organisateurs et participants.<\/p>\n<p>Une formule gagnante pour une fin de semaine parfaite, o\u00f9 la bonne humeur, la chaleur humaine et l\u2019ambiance de partage teinteront votre passage.<\/p>\n<p>Allez, ajoutez cela \u00e0 votre agenda!<\/p>\n","protected":false},"excerpt":{"rendered":"<p>Plus d&rsquo;une centaine d&rsquo;artisans, de cr\u00e9ateurs qu\u00e9b\u00e9cois et d\u2019organismes se rassemblent cette fin de semaine afin de vous exposer le&hellip;<\/p>\n","protected":false},"author":1,"featured_media":1253,"comment_status":"open","ping_status":"open","sticky":false,"template":"","format":"standard","meta":{"footnotes":""},"categories":[19,6],"tags":[],"class_list":["post-1251","post","type-post","status-publish","format-standard","has-post-thumbnail","hentry","category-evenement","category-societe"],"_links":{"self":[{"href":"https:\/\/mestrouvailles.ca\/index.php\/wp-json\/wp\/v2\/posts\/1251","targetHints":{"allow":["GET"]}}],"collection":[{"href":"https:\/\/mestrouvailles.ca\/index.php\/wp-json\/wp\/v2\/posts"}],"about":[{"href":"https:\/\/mestrouvailles.ca\/index.php\/wp-json\/wp\/v2\/types\/post"}],"author":[{"embeddable":true,"href":"https:\/\/mestrouvailles.ca\/index.php\/wp-json\/wp\/v2\/users\/1"}],"replies":[{"embeddable":true,"href":"https:\/\/mestrouvailles.ca\/index.php\/wp-json\/wp\/v2\/comments?post=1251"}],"version-history":[{"count":2,"href":"https:\/\/mestrouvailles.ca\/index.php\/wp-json\/wp\/v2\/posts\/1251\/revisions"}],"predecessor-version":[{"id":1255,"href":"https:\/\/mestrouvailles.ca\/index.php\/wp-json\/wp\/v2\/posts\/1251\/revisions\/1255"}],"wp:featuredmedia":[{"embeddable":true,"href":"https:\/\/mestrouvailles.ca\/index.php\/wp-json\/wp\/v2\/media\/1253"}],"wp:attachment":[{"href":"https:\/\/mestrouvailles.ca\/index.php\/wp-json\/wp\/v2\/media?parent=1251"}],"wp:term":[{"taxonomy":"category","embeddable":true,"href":"https:\/\/mestrouvailles.ca\/index.php\/wp-json\/wp\/v2\/categories?post=1251"},{"taxonomy":"post_tag","embeddable":true,"href":"https:\/\/mestrouvailles.ca\/index.php\/wp-json\/wp\/v2\/tags?post=1251"}],"curies":[{"name":"wp","href":"https:\/\/api.w.org\/{rel}","templated":true}]}}