{"id":1276,"date":"2016-08-29T07:55:53","date_gmt":"2016-08-29T11:55:53","guid":{"rendered":"http:\/\/mestrouvailles.ca\/?p=1276"},"modified":"2016-08-29T07:55:53","modified_gmt":"2016-08-29T11:55:53","slug":"etre-numero-un-dans-notre-coeur","status":"publish","type":"post","link":"https:\/\/mestrouvailles.ca\/index.php\/2016\/08\/29\/etre-numero-un-dans-notre-coeur\/","title":{"rendered":"\u00catre num\u00e9ro un dans notre coeur"},"content":{"rendered":"<p>Ce matin, c\u2019est lundi confession\u2026 Alors, voil\u00e0, je me lance\u00a0: je suis moumoune de l&rsquo;\u0153il, feluette de la pupille. Que voulez-vous, je regarde un oignon et je pleure, m\u00eame pas besoin d&rsquo;y toucher. Mes yeux sont tellement faibles qu&rsquo;ils ne sont m\u00eame pas certains de leur couleur alors&#8230; \u00c7a vous dit leur manque de virilit\u00e9!<\/p>\n<p>Hier, je cuisinais un macaroni \u00ab\u00a0avec pas de viande\u00a0\u00bb et de bons l\u00e9gumes. (Petite parenth\u00e8se ici : le sans-viande style italien, c&rsquo;est vraiment de la bombe et au moins dix fois moins gras que le b\u0153uf. Les sceptiques seront confondus!) Mais bref, tout \u00e7a pour dire que dans ma recette, ben il y a un oignon hach\u00e9. Un petit l\u00e0, tout ce qu&rsquo;il y a de plus inoffensif. Mais pour mes yeux \u00e0 moi, c\u2019est une montagne, une \u00e9preuve olympique. Ils virent fous \u00e0 la minute o\u00f9 la lame de mon couteau entre en contact avec le bulbe, c\u2019est immanquable. En fait, m\u00eame des \u00e9chalotes grises me font pleurer alors&#8230;<\/p>\n<p>Et chaque fois, je me dis : bon \u00e7a va aller on va faire \u00e7a vite&#8230; Mais non, je me retrouve \u00e0 pleurer comme une madeleine, \u00e0 sacrer comme un charretier et \u00e0 prier le bon dieu pour que \u00e7a arr\u00eate de chauffer. Honn\u00eatement, je ne sais pas comment ont fait nos grand-m\u00e8res pour en couper autant quand elles avaient des familles de douze enfants.<\/p>\n<p>Pourquoi je vous raconte cette anecdote pour le moins banale et innocente ce matin? Parce qu\u2019il n\u2019y a pas si longtemps, j\u2019\u00e9tais incapable de rire de moi, d\u2019avouer mes petits travers, de faire preuve d\u2019autod\u00e9rision. La peur du jugement des autres me terrifiaient et je fuyais comme la peste toute situation qui pouvait me ridiculiser, me faire para\u00eetre plus ou moins nounoune ou qui exigeait des pitreries. En fait, m\u00eame commencer un nouveau sport m\u2019effrayait car \u00e0 mes yeux, j\u2019aurais d\u00fb y exceller d\u00e8s la premi\u00e8re minute et l\u2019id\u00e9e de ne pas y arriver me terrorisait.<\/p>\n<p>\u00c7a m\u2019a pris des ann\u00e9es de d\u00e9sensibilisation et d\u2019essais-erreurs dans des domaines anodins pour comprendre qu\u2019on a chacun nos forces et nos faiblesses et surtout, que personne n\u2019est bon en tout. Alors maintenant je sais que je peux essayer quelque chose de nouveau et me planter royalement sans que \u00e7a ne me r\u00e9duise \u00e0 n\u00e9ant. Ou tout simplement, tenter une nouvelle exp\u00e9rience et ne pas aimer \u00e7a. Me donner le droit \u00e0 l\u2019erreur mais aussi au choix. Ce n\u2019est pas parce que je fais preuve de curiosit\u00e9 envers quelque chose que \u00e7a repr\u00e9sente un engagement pour la vie.<\/p>\n<p>Et parfois, des situations de la vie nous arrive, on fait des rencontres, on participe \u00e0 des activit\u00e9s\u2026 Et \u00e7a peut arriver qu\u2019\u00e0 un moment, on ne soit pas \u00e0 notre meilleur, on ne brille pas\u00a0 ou m\u00eame on fait une grosse bourde. Et bien vous savez quoi? On n\u2019en meurt pas! Je sais, pour certain, c\u2019est compl\u00e8tement acquis et ils se demandent pourquoi je perds mon temps \u00e0 en parler\u2026 Je vais vous dire\u00a0: vous pouvez arr\u00eater de lire ici, \u00e7a ne me d\u00e9range pas du tout. Mais pour les autres qui, comme moi, n\u2019ont pas n\u00e9cessairement appris la confiance en soi et l\u2019autod\u00e9rision, c\u2019est un monde \u00e0 d\u00e9couvrir.<\/p>\n<p>Combien de fois me suis-je sentie d\u00e9phas\u00e9e par rapport aux autres, pas \u00e0 ma place, l\u2019intrus dans la pi\u00e8ce, la fille compl\u00e8tement hors champ\u2026 J\u2019avais l\u2019impression que TOUT le monde \u00e9tait parfaitement en phase avec le lieu et l\u2019heure sauf moi, comme si j\u2019avais atterrie dans ce monde il y a quelques minutes et que je n\u2019y comprenais rien. Un genre de version qu\u00e9b\u00e9coise du film <em>Les visiteurs<\/em>.<\/p>\n<p>Et apr\u00e8s plusieurs ann\u00e9es \u00e0 me questionner sur le \u00ab\u00a0mais qu\u2019est-ce qui ne va pas chez-moi\u00a0\u00bb, j\u2019ai fini par comprendre que la majorit\u00e9 des gens ressentait la m\u00eame chose mais portait le masque de la parfaite personne pour \u00e9viter de d\u00e9tonner. Eureka! Je me suis mise moi aussi \u00e0 porter ce masque! Pour finalement me rendre compte que je n\u2019\u00e9tais pas plus heureuse\u2026 Et que je pr\u00e9f\u00e9rais \u00eatre moi-m\u00eame, au risque de sortir du lot et de ne pas cadrer, ne pas entrer dans le moule qu\u2019on m\u2019avait r\u00e9serv\u00e9. De ne pas \u00eatre la num\u00e9ro 1&#8230;<\/p>\n<p>Mais malgr\u00e9 tout, aujourd\u2019hui, je pr\u00e9f\u00e8re cent fois mieux \u00eatre qui je suis, avec mes petits travers et mes failles que de tenter d\u2019\u00eatre celle que je ne suis pas. Alors oui, je pleure rien qu\u2019en voyant un oignon, j\u2019ai tout un caract\u00e8re, je suis parfois ent\u00eat\u00e9e, mais aussi passionn\u00e9e, \u00e9nergique et volubile. J\u2019aime la vie, les gens, la nature et la musique. Mes go\u00fbts ne sont pas ceux des autres, et chacun a droit d\u2019\u00eatre qui il est. Si on \u00e9tait tous pareils, ce serait d\u2019un ennui mortel de toute fa\u00e7on, ce serait pr\u00e9visible et sans surprise. Et \u00e7a donne quoi d&rsquo;\u00eatre le num\u00e9ro 1 que tout le monde admire si on est pas heureux dans notre coeur? \u00c7a sert \u00e0 quoi de vouloir ressembler \u00e0 tout le monde si, en dedans, on est personne?\u00a0La diff\u00e9rence, c\u2019est ce qui fait la beaut\u00e9 du monde\u2026<\/p>\n<p>&nbsp;<\/p>\n<p>Photo : Unsplash |\u00a0Steinar La Engeland<\/p>\n<p>&nbsp;<\/p>\n","protected":false},"excerpt":{"rendered":"<p>Ce matin, c\u2019est lundi confession\u2026 Alors, voil\u00e0, je me lance\u00a0: je suis moumoune de l&rsquo;\u0153il, feluette de la pupille. Que&hellip;<\/p>\n","protected":false},"author":1,"featured_media":1277,"comment_status":"open","ping_status":"open","sticky":false,"template":"","format":"standard","meta":{"footnotes":""},"categories":[117],"tags":[],"class_list":["post-1276","post","type-post","status-publish","format-standard","has-post-thumbnail","hentry","category-reflexion"],"_links":{"self":[{"href":"https:\/\/mestrouvailles.ca\/index.php\/wp-json\/wp\/v2\/posts\/1276","targetHints":{"allow":["GET"]}}],"collection":[{"href":"https:\/\/mestrouvailles.ca\/index.php\/wp-json\/wp\/v2\/posts"}],"about":[{"href":"https:\/\/mestrouvailles.ca\/index.php\/wp-json\/wp\/v2\/types\/post"}],"author":[{"embeddable":true,"href":"https:\/\/mestrouvailles.ca\/index.php\/wp-json\/wp\/v2\/users\/1"}],"replies":[{"embeddable":true,"href":"https:\/\/mestrouvailles.ca\/index.php\/wp-json\/wp\/v2\/comments?post=1276"}],"version-history":[{"count":1,"href":"https:\/\/mestrouvailles.ca\/index.php\/wp-json\/wp\/v2\/posts\/1276\/revisions"}],"predecessor-version":[{"id":1278,"href":"https:\/\/mestrouvailles.ca\/index.php\/wp-json\/wp\/v2\/posts\/1276\/revisions\/1278"}],"wp:featuredmedia":[{"embeddable":true,"href":"https:\/\/mestrouvailles.ca\/index.php\/wp-json\/wp\/v2\/media\/1277"}],"wp:attachment":[{"href":"https:\/\/mestrouvailles.ca\/index.php\/wp-json\/wp\/v2\/media?parent=1276"}],"wp:term":[{"taxonomy":"category","embeddable":true,"href":"https:\/\/mestrouvailles.ca\/index.php\/wp-json\/wp\/v2\/categories?post=1276"},{"taxonomy":"post_tag","embeddable":true,"href":"https:\/\/mestrouvailles.ca\/index.php\/wp-json\/wp\/v2\/tags?post=1276"}],"curies":[{"name":"wp","href":"https:\/\/api.w.org\/{rel}","templated":true}]}}