{"id":1330,"date":"2016-09-19T08:03:08","date_gmt":"2016-09-19T12:03:08","guid":{"rendered":"http:\/\/mestrouvailles.ca\/?p=1330"},"modified":"2023-09-19T07:53:29","modified_gmt":"2023-09-19T12:53:29","slug":"etre-a-contre-courant","status":"publish","type":"post","link":"https:\/\/mestrouvailles.ca\/index.php\/2016\/09\/19\/etre-a-contre-courant\/","title":{"rendered":"\u00catre \u00e0 contre-courant"},"content":{"rendered":"<p>Comme j\u2019en ai parl\u00e9 r\u00e9cemment, je suis en cong\u00e9, en pause professionnelle, en arr\u00eat volontaire. Et je me sens \u00e9trange, comme d\u00e9cal\u00e9e du reste du monde. Cette fin de semaine, je me sentais normale, comme tous les autres week-ends\u00a0: un peu de m\u00e9nage, du lavage, l\u2019\u00e9picerie, un souper samedi\u2026 Mais ce matin, j\u2019entendais les voitures d\u00e9marrer et je savais que j\u2019avais un immense privil\u00e8ge de ne pas aller dans le trafic pour pester contre les infrastructures et le transport en commun presque inexistant en p\u00e9riph\u00e9rie de la grande ville.<\/p>\n<p>Quand on d\u00e9cide de s\u2019arr\u00eater et de prendre son temps, les gens ne savent pas comment r\u00e9agir. Certains se demandent si je suis malade, si je cache quelque chose\u2026 Rassurez-vous, j\u2019ai toute ma t\u00eate et je ne me suis jamais sentie aussi bien! C\u2019est justement pour me sentir bien que j\u2019arr\u00eate, pour ne pas me surmener et pour donner \u00e0 mon esprit un peu de l\u00e9g\u00e8ret\u00e9 et de futilit\u00e9, pour cesser de le bourrer d\u2019informations d\u2019entreprise et d\u2019informatique. Remplacer les analyses par des recettes de l\u00e9gumes frais, troquer le clavier pour un livre\u2026<\/p>\n<p>Je suis pleinement consciente que c\u2019est un luxe que peu de gens peuvent se permettre mais je sais aussi que j\u2019ai travaill\u00e9 fort pour cela et que je le m\u00e9rite. Je n\u2019ai pas de plan concret, pas de date en t\u00eate pour la fin de ces vacances, ni de perspective officielle pour l\u2019apr\u00e8s. Et, alors qu\u2019avant \u00e7a m\u2019aurait terriblement angoiss\u00e9, \u00e7a ne me d\u00e9range pas ni ne me cr\u00e9e de l\u2019anxi\u00e9t\u00e9. Je me sens \u00e0 ma place, je me sens paisible et en confiance et c\u2019est un sentiment tr\u00e8s euphorisant. Je ne sais pas o\u00f9 je vais et je ne veux pas le savoir. Pour la premi\u00e8re fois de ma vie, \u00e7a m\u2019est \u00e9gal. L\u2019important, c\u2019est ici et maintenant.<\/p>\n<p>Et mon c\u0153ur l\u00e9ger n\u2019est sans doute pas incoh\u00e9rent avec l\u2019\u00e9tat de sant\u00e9 de mon beau matou qui, contre toute attente, s\u2019est remis \u00e0 marcher, \u00e0 manger et \u00e0 ronronner\u2026 La vie nous r\u00e9serve parfois des surprises insoup\u00e7onn\u00e9es! Je ne me fais pas d\u2019illusion, la cortisone est la seule responsable de ce regain et sachant qu\u2019il n\u2019a qu\u2019un seul rein fonctionnel, je me doute que ce traitement ne pourra pas durer \u00e9ternellement mais je profite d\u2019autant plus de chaque minute avec lui, de chaque caresse, de chaque regard\u2026 Pouvoir \u00eatre avec lui, le surveiller, le g\u00e2ter, le cajoler et m\u2019assurer de son confort et de son \u00e9tat me prouve encore une fois que rien n\u2019arrive pour rien. Ma d\u00e9cision de prendre du temps pour moi se transforme en temps pour nous.<\/p>\n<p>Avec ce changement de rythme et de r\u00e9alit\u00e9 quotidienne viendra immanquablement un changement de ton. Je n\u2019aurai plus autant d\u2019anecdotes de m\u00e9tro ou de mont\u00e9es de lait contre le transport collectif d\u00e9ficient et c\u2019est tant mieux. J\u2019esp\u00e8re vous inspirer \u00e0 prendre votre temps, ne serait-ce que quelques minutes par jour pour vous et pour personne d\u2019autre. On passe notre vie \u00e0 travailler et \u00e0 courir sans trop se souvenir pourquoi on le fait. Pour la paie, oui je sais, mais outre cela, on ne se demande m\u00eame plus si c\u2019est ce que l\u2019on veut r\u00e9ellement. Et c\u2019est franchement triste de savoir qu\u2019une majorit\u00e9 de gens dans la soci\u00e9t\u00e9 ne font ce qu\u2019ils font que pour un ch\u00e8que au bout de la ligne.<\/p>\n<p>Je demeure persuad\u00e9e qu\u2019il est possible de trouver un meilleur \u00e9quilibre en tant que soci\u00e9t\u00e9 et que collectivement, on est en mesure de faire changer les choses, pour le mieux. Car \u00e7a sert aussi \u00e0 \u00e7a prendre son temps\u2026 Pour voir le monde, autrement.<\/p>\n<p>Photo : Unsplash |\u00a0Clem Onojeghuo<\/p>\n","protected":false},"excerpt":{"rendered":"<p>Comme j\u2019en ai parl\u00e9 r\u00e9cemment, je suis en cong\u00e9, en pause professionnelle, en arr\u00eat volontaire. Et je me sens \u00e9trange,&hellip;<\/p>\n","protected":false},"author":1,"featured_media":1331,"comment_status":"open","ping_status":"open","sticky":false,"template":"","format":"standard","meta":{"footnotes":""},"categories":[117],"tags":[],"class_list":["post-1330","post","type-post","status-publish","format-standard","has-post-thumbnail","hentry","category-reflexion"],"_links":{"self":[{"href":"https:\/\/mestrouvailles.ca\/index.php\/wp-json\/wp\/v2\/posts\/1330","targetHints":{"allow":["GET"]}}],"collection":[{"href":"https:\/\/mestrouvailles.ca\/index.php\/wp-json\/wp\/v2\/posts"}],"about":[{"href":"https:\/\/mestrouvailles.ca\/index.php\/wp-json\/wp\/v2\/types\/post"}],"author":[{"embeddable":true,"href":"https:\/\/mestrouvailles.ca\/index.php\/wp-json\/wp\/v2\/users\/1"}],"replies":[{"embeddable":true,"href":"https:\/\/mestrouvailles.ca\/index.php\/wp-json\/wp\/v2\/comments?post=1330"}],"version-history":[{"count":2,"href":"https:\/\/mestrouvailles.ca\/index.php\/wp-json\/wp\/v2\/posts\/1330\/revisions"}],"predecessor-version":[{"id":3797,"href":"https:\/\/mestrouvailles.ca\/index.php\/wp-json\/wp\/v2\/posts\/1330\/revisions\/3797"}],"wp:featuredmedia":[{"embeddable":true,"href":"https:\/\/mestrouvailles.ca\/index.php\/wp-json\/wp\/v2\/media\/1331"}],"wp:attachment":[{"href":"https:\/\/mestrouvailles.ca\/index.php\/wp-json\/wp\/v2\/media?parent=1330"}],"wp:term":[{"taxonomy":"category","embeddable":true,"href":"https:\/\/mestrouvailles.ca\/index.php\/wp-json\/wp\/v2\/categories?post=1330"},{"taxonomy":"post_tag","embeddable":true,"href":"https:\/\/mestrouvailles.ca\/index.php\/wp-json\/wp\/v2\/tags?post=1330"}],"curies":[{"name":"wp","href":"https:\/\/api.w.org\/{rel}","templated":true}]}}