{"id":1798,"date":"2017-02-27T09:10:28","date_gmt":"2017-02-27T13:10:28","guid":{"rendered":"http:\/\/mestrouvailles.ca\/?p=1798"},"modified":"2017-02-27T09:10:28","modified_gmt":"2017-02-27T13:10:28","slug":"lhumain-avant-tout-2","status":"publish","type":"post","link":"https:\/\/mestrouvailles.ca\/index.php\/2017\/02\/27\/lhumain-avant-tout-2\/","title":{"rendered":"L&rsquo;humain, avant tout"},"content":{"rendered":"<p>On entend beaucoup parler, dans l\u2019actualit\u00e9, de fusion de centres de services, d\u2019optimisation, de centralisation, particuli\u00e8rement dans le domaine de la sant\u00e9, avec les \u00ab\u00a0super\u00a0\u00bb cliniques et les centres sp\u00e9cialis\u00e9s. Ce matin, j\u2019\u00e9coutais Gravel le matin, et on nous pr\u00e9sentait le cas du CAP, le centre d\u2019apprentissage personnalis\u00e9 situ\u00e9 \u00e0 Longueuil, qui est menac\u00e9 de fermer, par la commission scolaire, pour une r\u00e9organisation de ses services et impliquant donc le transfert des \u00e9l\u00e8ves vers ses trois autres centres d\u2019apprentissage pour adultes. Et je n\u2019ai pu m\u2019emp\u00eacher, malgr\u00e9 que ce ne soit pas du tout ma r\u00e9gion, de vouloir signer la <a href=\"https:\/\/www.petitions24.net\/contre_la_fermeture_du_cap\" target=\"_blank\">p\u00e9tition<\/a> pour emp\u00eacher cette fermeture\u2026<\/p>\n<p>Voyez-vous, je suis de ceux qui croient encore en l\u2019humain, en l\u2019individualit\u00e9, au fait qu\u2019on a tous notre style, notre fa\u00e7on d\u2019apprendre, notre mode de pens\u00e9e\u2026 Pour moi, chaque personne est unique et m\u00e9rite qu\u2019on lui donne toutes les chances de r\u00e9ussir. On le r\u00e9p\u00e8te souvent\u00a0: investir dans la r\u00e9ussite scolaire est beaucoup plus rentable \u00e0 long terme car ces gens pour qui on met de l\u2019\u00e9nergie, ils deviennent des citoyens qui vont \u00e0 leur tour s\u2019impliquer, consommer, choisir et vivre dans une communaut\u00e9.<\/p>\n<p>Je d\u00e9teste cette manie de vouloir mettre les gens dans un moule et quand j\u2019entends centralisation, je m\u2019imagine toujours une chaine de production, o\u00f9 tous les \u00e9l\u00e9ments sortent identiques, parfaitement align\u00e9s sur une table, avec le m\u00eame d\u00e9faut, avec les m\u00eames particularit\u00e9s. Mais l\u2019humain n\u2019est pas comme \u00e7a, il ne peut pas se fondre dans un cadre qui n\u2019est pas le sien sans que cela ait un impact.<\/p>\n<p>Les jeunes qui t\u00e9moignaient ce matin avaient, dans leur parcours scolaire r\u00e9gulier, de grandes difficult\u00e9s \u00e0 s\u2019adapter au cadre impos\u00e9 et vivaient des \u00e9checs perp\u00e9tuels. Ce cercle vicieux les a tous pouss\u00e9 \u00e0 abandonner, \u00e0 d\u00e9crocher du chemin trac\u00e9 pour eux. Ils ne se sentaient pas \u00e0 leur place. Et tous ont, de fa\u00e7on unanime, eu une exp\u00e9rience incroyable \u00e0 ce centre d\u2019apprentissage puisque l\u2019approche, comme son nom l\u2019indique, est personnalis\u00e9e. Cela signifie que l\u2019on s\u2019adapte \u00e0 eux pour qu\u2019ils apprennent les m\u00eames notions que les autres, \u00e0 leur fa\u00e7on, \u00e0 leur rythme, selon des m\u00e9thodes qui leur ressemblent. Et surtout, \u00e7a devient comme une petite famille, on s\u2019int\u00e9resse \u00e0 eux, ils ne sont pas un dossier parmi tant d\u2019autres\u2026<\/p>\n<p>Ce type de service est n\u00e9cessaire et m\u00eame primordial dans notre soci\u00e9t\u00e9 afin que tous aient la m\u00eame chance de r\u00e9ussir. Il n\u2019y a pas qu\u2019une seule fa\u00e7on d\u2019apprendre et certains auront besoin de plus de temps, plus d\u2019efforts et surtout que quelqu\u2019un les accompagne de mani\u00e8re plus approfondie que la moyenne. Et tout cela est parfait ainsi, il ne faut pas juger ni tenter de contraindre. Le message \u00e9tait clair dans la bouche de ces jeunes ce matin\u00a0: \u00e7a ne fonctionne pas d\u2019essayer de les forcer \u00e0 suivre un rythme qui n\u2019est pas le leur.<\/p>\n<p>Pourquoi ne peut-on pas respecter le fait qu\u2019il y a des besoins diff\u00e9rents, des formules distinctes, des personnalit\u00e9s vari\u00e9es? Pourquoi tenter de toujours standardiser, normaliser au point de rendre tout si lisse? Je crois que ce type de centre permet un acc\u00e8s incroyable \u00e0 des services qu\u2019il est impossible d\u2019avoir dans une grande structure et se priver, collectivement, de cela revient \u00e0 approuver un \u00e9chec pr\u00e9visible.<\/p>\n<p>Je crois sinc\u00e8rement que les petites ressources dans la communaut\u00e9 m\u00e9ritent autant que les grands centres de recevoir des fonds pour pouvoir continuer d\u2019aider ceux qui le requi\u00e8rent. Vouloir sauver 200\u00a0000$ ici co\u00fbtera des milliers de dollars ailleurs et ce n\u2019est pas investir en l\u2019humain. C\u2019est encore une fois tenter de tout g\u00e9rer qu\u2019avec les chiffres, \u00e0 court terme, avec des \u0153ill\u00e8res et se mettre la t\u00eate dans le sable sur l\u2019impact r\u00e9el d\u2019une telle d\u00e9cision.<\/p>\n<p>Je le r\u00e9p\u00e8te\u00a0: chaque humain a le droit \u00e0 sa chance, a le droit d\u2019avoir des services et m\u00e9rite qu\u2019on investisse en lui. C\u2019est cela vivre en soci\u00e9t\u00e9 et chacun de nous, un jour ou l\u2019autre, on a besoin de ces services sociaux. Si on en veut pour nous, on doit accepter que les autres en aient. Cessons de couper partout et investissons dans notre soci\u00e9t\u00e9, humainement.<\/p>\n<p>Pour signer la p\u00e9tition, <a href=\"https:\/\/www.petitions24.net\/contre_la_fermeture_du_cap\" target=\"_blank\">c\u2019est par ici<\/a>.<\/p>\n<p>\u00a0<\/p>\n<p>Photo : Unsplash |\u00a0Faustin Tuyambaze<\/p>\n","protected":false},"excerpt":{"rendered":"<p>On entend beaucoup parler, dans l\u2019actualit\u00e9, de fusion de centres de services, d\u2019optimisation, de centralisation, particuli\u00e8rement dans le domaine de&hellip;<\/p>\n","protected":false},"author":1,"featured_media":1799,"comment_status":"closed","ping_status":"open","sticky":false,"template":"","format":"standard","meta":{"footnotes":""},"categories":[6],"tags":[],"class_list":["post-1798","post","type-post","status-publish","format-standard","has-post-thumbnail","hentry","category-societe"],"_links":{"self":[{"href":"https:\/\/mestrouvailles.ca\/index.php\/wp-json\/wp\/v2\/posts\/1798","targetHints":{"allow":["GET"]}}],"collection":[{"href":"https:\/\/mestrouvailles.ca\/index.php\/wp-json\/wp\/v2\/posts"}],"about":[{"href":"https:\/\/mestrouvailles.ca\/index.php\/wp-json\/wp\/v2\/types\/post"}],"author":[{"embeddable":true,"href":"https:\/\/mestrouvailles.ca\/index.php\/wp-json\/wp\/v2\/users\/1"}],"replies":[{"embeddable":true,"href":"https:\/\/mestrouvailles.ca\/index.php\/wp-json\/wp\/v2\/comments?post=1798"}],"version-history":[{"count":1,"href":"https:\/\/mestrouvailles.ca\/index.php\/wp-json\/wp\/v2\/posts\/1798\/revisions"}],"predecessor-version":[{"id":1800,"href":"https:\/\/mestrouvailles.ca\/index.php\/wp-json\/wp\/v2\/posts\/1798\/revisions\/1800"}],"wp:featuredmedia":[{"embeddable":true,"href":"https:\/\/mestrouvailles.ca\/index.php\/wp-json\/wp\/v2\/media\/1799"}],"wp:attachment":[{"href":"https:\/\/mestrouvailles.ca\/index.php\/wp-json\/wp\/v2\/media?parent=1798"}],"wp:term":[{"taxonomy":"category","embeddable":true,"href":"https:\/\/mestrouvailles.ca\/index.php\/wp-json\/wp\/v2\/categories?post=1798"},{"taxonomy":"post_tag","embeddable":true,"href":"https:\/\/mestrouvailles.ca\/index.php\/wp-json\/wp\/v2\/tags?post=1798"}],"curies":[{"name":"wp","href":"https:\/\/api.w.org\/{rel}","templated":true}]}}