{"id":2104,"date":"2017-06-23T08:27:39","date_gmt":"2017-06-23T12:27:39","guid":{"rendered":"http:\/\/mestrouvailles.ca\/?p=2104"},"modified":"2017-06-23T08:27:39","modified_gmt":"2017-06-23T12:27:39","slug":"garder-la-foi","status":"publish","type":"post","link":"https:\/\/mestrouvailles.ca\/index.php\/2017\/06\/23\/garder-la-foi\/","title":{"rendered":"Garder la foi"},"content":{"rendered":"<p>Quand la maladie frappe, ce n\u2019est pas toujours facile de garder la foi, de conserver son positivisme et de croire \u00e0 la gu\u00e9rison. Je vous rassure, ma sant\u00e9 va bien. C\u2019est mon vieux compagnon f\u00e9lin qui tra\u00eene de la patte, litt\u00e9ralement. Son arri\u00e8re-train ne suit plus l\u2019\u00e9lan de l\u2019avant, il chambranle et se dandine, p\u00e9niblement. C\u2019est tr\u00e8s triste de le voir tenter d\u2019avancer, s\u2019hasarder \u00e0 monter l\u2019escalier, une marche \u00e0 la fois\u2026<\/p>\n<p>Mais s\u2019il y a une chose que j\u2019ai apprise dans les derniers mois avec ses soucis de sant\u00e9, c\u2019est qu\u2019il est fait fort, qu\u2019il peut remonter la pente et que je dois garder espoir. Je ne vous cacherai pas que j\u2019implore toutes les \u00e2mes protectrices de m\u2019aider dans cette \u00e9preuve, de le gu\u00e9rir et le soulager.<\/p>\n<p>La foi est un concept plut\u00f4t tabou dans notre soci\u00e9t\u00e9 d\u2019aujourd\u2019hui. On a tellement voulu sortir la religion de nos institutions et de nos vies qu\u2019on a tout balanc\u00e9 du m\u00eame coup. La foi, la spiritualit\u00e9, les croyances\u2026 Tout y a pass\u00e9. Et pourtant, cela fait partie int\u00e9grante de nos vies et je crois sinc\u00e8rement que c\u2019est n\u00e9cessaire. Notre vie spirituelle peut \u00eatre totalement priv\u00e9e et secr\u00e8te. C\u2019est tr\u00e8s intime et \u00e7a n\u2019a pas besoin d\u2019\u00eatre \u00e9tal\u00e9 sur les r\u00e9seaux sociaux ni expos\u00e9 au grand jour. Mais ce n\u2019est pas parce que \u00e7a ne fait pas l\u2019objet de statut Facebook ou de photo sur Instagram que ce n\u2019est pas important.<\/p>\n<p>Je ne suis pas du tout g\u00ean\u00e9e de dire que je crois que mon paternel et ses acolytes me donnent un coup de main par moment, me guident et m\u2019accompagnent, de l\u00e0 o\u00f9 ils sont. Je n\u2019ai pas besoin de me justifier ou de tenter de convaincre qui que ce soit du bienfond\u00e9 de cette croyance. Je le ressens en moi, mon c\u0153ur me le dit et c\u2019est suffisant. C\u2019est personnel et unique \u00e0 chacun.<\/p>\n<p>Je trouve qu\u2019on a tendance \u00e0 juger facilement les croyances des gens sans conna\u00eetre leur exp\u00e9rience et surtout, sans prendre le temps d\u2019\u00e9couter. Chacun a sa propre histoire et le bien que peut procurer le sentiment d\u2019\u00eatre soutenu par nos d\u00e9funts appartient \u00e0 chaque personne. Tant qu\u2019\u00e0 moi, on ne devrait jamais juger ce que quiconque d\u00e9sire croire.<\/p>\n<p>\u00c0 l\u2019automne, quand mon chat a fait son premier ACV, j\u2019ai pleur\u00e9 beaucoup et \u00e7a m\u2019a fait r\u00e9aliser \u00e0 quel point j\u2019aime cet animal qui est dans ma vie depuis 14 ans. J\u2019ai imm\u00e9diatement eu le r\u00e9flexe de demander \u00e0 mon p\u00e8re de faire en sorte qu\u2019il ne meure pas, pas tout de suite, je n\u2019\u00e9tais pas pr\u00eate. J\u2019ai pris un long cong\u00e9, j\u2019ai pris soin de mon petit coco \u00e0 quatre pattes, je l\u2019ai bombard\u00e9 d\u2019amour et il a repris du poil de la b\u00eate.<\/p>\n<p>Cette fois-ci, j\u2019ai surtout demand\u00e9 qu\u2019il ne souffre pas. S\u2019il est rendu \u00e0 la fin de sa vie, je suis pr\u00eate \u00e0 l\u2019accepter mais je ne veux pas le voir d\u00e9p\u00e9rir et vivre dans la douleur. Je sais que, le temps venu, je serai guid\u00e9e dans ma d\u00e9cision. Mais quand je regarde ses yeux encore vifs, que je vois son d\u00e9sir d\u2019avancer malgr\u00e9 les difficult\u00e9s motrices, je me dis qu\u2019il a encore quelques temps devant lui, pour profiter du jardin, du parc et de l\u2019air frais.<\/p>\n<p>Garder la foi, c\u2019est essentiel quand la vie nous envoie des \u00e9preuves et je crois que \u00e7a aide \u00e0 demeurer serein malgr\u00e9 la peine, malgr\u00e9 le doute, malgr\u00e9 l\u2019impuissance que l\u2019on ressent. Le mot foi vient du terme latin <em>fides<\/em> qui signifie confiance. Rien avoir avec la religion, c\u2019est simplement ce en quoi on croit. Et je crois qu\u2019on a besoin plus que jamais de croire, d\u2019avoir confiance en la vie, en l\u2019humanit\u00e9. Et surtout, de croire en soi, en ses capacit\u00e9s, en sa propre force. Parce que c\u2019est ce qui nous permet d\u2019avancer, de pers\u00e9v\u00e9rer et de vaincre.<\/p>\n<p>&nbsp;<\/p>\n<p>Photo : Unsplash | Corinne Kutz<\/p>\n","protected":false},"excerpt":{"rendered":"<p>Quand la maladie frappe, ce n\u2019est pas toujours facile de garder la foi, de conserver son positivisme et de croire&hellip;<\/p>\n","protected":false},"author":1,"featured_media":2105,"comment_status":"closed","ping_status":"open","sticky":false,"template":"","format":"standard","meta":{"footnotes":""},"categories":[117],"tags":[],"class_list":["post-2104","post","type-post","status-publish","format-standard","has-post-thumbnail","hentry","category-reflexion"],"_links":{"self":[{"href":"https:\/\/mestrouvailles.ca\/index.php\/wp-json\/wp\/v2\/posts\/2104","targetHints":{"allow":["GET"]}}],"collection":[{"href":"https:\/\/mestrouvailles.ca\/index.php\/wp-json\/wp\/v2\/posts"}],"about":[{"href":"https:\/\/mestrouvailles.ca\/index.php\/wp-json\/wp\/v2\/types\/post"}],"author":[{"embeddable":true,"href":"https:\/\/mestrouvailles.ca\/index.php\/wp-json\/wp\/v2\/users\/1"}],"replies":[{"embeddable":true,"href":"https:\/\/mestrouvailles.ca\/index.php\/wp-json\/wp\/v2\/comments?post=2104"}],"version-history":[{"count":1,"href":"https:\/\/mestrouvailles.ca\/index.php\/wp-json\/wp\/v2\/posts\/2104\/revisions"}],"predecessor-version":[{"id":2106,"href":"https:\/\/mestrouvailles.ca\/index.php\/wp-json\/wp\/v2\/posts\/2104\/revisions\/2106"}],"wp:featuredmedia":[{"embeddable":true,"href":"https:\/\/mestrouvailles.ca\/index.php\/wp-json\/wp\/v2\/media\/2105"}],"wp:attachment":[{"href":"https:\/\/mestrouvailles.ca\/index.php\/wp-json\/wp\/v2\/media?parent=2104"}],"wp:term":[{"taxonomy":"category","embeddable":true,"href":"https:\/\/mestrouvailles.ca\/index.php\/wp-json\/wp\/v2\/categories?post=2104"},{"taxonomy":"post_tag","embeddable":true,"href":"https:\/\/mestrouvailles.ca\/index.php\/wp-json\/wp\/v2\/tags?post=2104"}],"curies":[{"name":"wp","href":"https:\/\/api.w.org\/{rel}","templated":true}]}}