{"id":2346,"date":"2017-10-02T08:20:59","date_gmt":"2017-10-02T12:20:59","guid":{"rendered":"http:\/\/mestrouvailles.ca\/?p=2346"},"modified":"2017-10-02T08:20:59","modified_gmt":"2017-10-02T12:20:59","slug":"avec-les-yeux-du-coeur","status":"publish","type":"post","link":"https:\/\/mestrouvailles.ca\/index.php\/2017\/10\/02\/avec-les-yeux-du-coeur\/","title":{"rendered":"Avec les yeux du c\u0153ur"},"content":{"rendered":"<p>Je ne sais pas pour vous, mais moi j\u2019accorde beaucoup d\u2019importance aux regards des gens. Leurs yeux sont le reflet de leur \u00e2me et de leur c\u0153ur et on peut y lire la v\u00e9rit\u00e9, au-del\u00e0 des paroles et des gestes. Quand je rencontre des gens pour la premi\u00e8re fois, je porte une attention particuli\u00e8rement \u00e0 leur fa\u00e7on de regarder et \u00e0 leur capacit\u00e9 de fixer leur regard dans celui de leur interlocuteur.<\/p>\n<p>Que ce soit des clients ou de simples rencontres personnelles, je suis toujours fascin\u00e9e quand je tombe sur quelqu\u2019un qui a l\u2019\u0153il fuyant. Quand une telle situation survient, je m\u2019attarde encore plus sur ce trait de personnalit\u00e9 car je tente de comprendre pourquoi. Est-ce une timidit\u00e9, un malaise dans la situation ou simplement le fait que cette personne n\u2019est jamais en pleine confiance, en pleine possession de ses moyens. Souvent, se sentir intimid\u00e9 par la personne \u00e0 qui l\u2019on parle peut avoir un effet n\u00e9gatif sur notre attitude et notre assurance.<\/p>\n<p>Je ne crois pas m\u2019\u00eatre d\u00e9j\u00e0 retrouv\u00e9e dans une situation o\u00f9 j\u2019\u00e9tais incapable de regarder les gens. J\u2019ai cette chance d\u2019avoir une aisance en public et j\u2019arrive \u00e0 observer les gens \u00e0 qui je m\u2019adresse et \u00e0 d\u00e9celer leur position face \u00e0 mes propos selon leurs r\u00e9actions physiques. J\u2019ai d\u00e9but\u00e9 ma carri\u00e8re dans l\u2019enseignement et je me souviens que je pouvais, par moment, lire la confusion dans les yeux de mes \u00e9tudiants alors je reprenais du d\u00e9but, usant de m\u00e9taphores et d\u2019histoires parfois loufoques pour faire entrer la mati\u00e8re.<\/p>\n<p>Dans l\u2019intimit\u00e9, je suis particuli\u00e8rement sensible \u00e0 cette capacit\u00e9. Un regard franc me s\u00e9duira plus qu\u2019une esth\u00e9tique parfaite. Je n\u2019aime pas que quelqu\u2019un me parle ou m\u2019embrasse sans jamais \u00eatre capable de me regarder droit dans les yeux. Peut-\u00eatre que certaines personnes me trouveront exigeantes mais j\u2019ai besoin de lire dans le regard, c\u2019est ainsi. Et d\u2019aussi loin que je me souvienne, \u00e7a l\u2019a toujours \u00e9t\u00e9.<\/p>\n<p>J\u2019ai rencontr\u00e9 quelqu\u2019un ce week-end qui a cette m\u00eame habitude, ce m\u00eame comportement et c\u2019est assez fascinant quand on trouve ainsi son miroir. Je n\u2019ai pas besoin de vous dire qu\u2019on avait presque les yeux secs \u00e0 force de se regarder. Mais j\u2019ai l\u2019impression de conna\u00eetre plus cette personne gr\u00e2ce \u00e0 cela, plus que certains autres rendez-vous que j\u2019ai eu o\u00f9 il n\u2019y avait pas cette connexion.<\/p>\n<p>Comme le chantait Gerry Boulet, je suis sensible \u00e0 l\u2019invisible. Car peu importe les mots employ\u00e9s, la posture, les gestes et les promesses, les yeux eux ne pourront jamais berner. On le sent, on le voit quand les paroles ne sont pas ressenties profond\u00e9ment, quand le cerveau tente une man\u0153uvre de diversion. \u00c7a transparait dans le regard, \u00e7a perce dans l\u2019iris. \u00c0 la longue, on finit par pouvoir comprendre ce niveau de communication incontr\u00f4lable.<\/p>\n<p>Voir la souffrance, voir l\u2019amour, voir la peine, voir la g\u00eane, voir tous ces sentiments qui sont parfois impossibles \u00e0 nommer, c\u2019est tr\u00e8s touchant. C\u2019est une porte sur un monde sans mots, sans voiles et sans filtres. On ne masque pas ce qu\u2019on ressent dans ses yeux, sauf si on tourne la t\u00eate. Et encore\u2026<\/p>\n<p>J\u2019aime les yeux, j\u2019aime le regard, j\u2019aime pouvoir lire et \u00e9couter au-del\u00e0 de la voix. Et je donne en retour la m\u00eame sinc\u00e9rit\u00e9, la m\u00eame fen\u00eatre sur mon \u00e2me. Car je crois que c\u2019est ainsi qu\u2019on se lie sinc\u00e8rement aux gens, qu\u2019on se permet de v\u00e9rifier si nos esprits peuvent s\u2019entendre, si nos \u00e2mes peuvent se plaire. Et je terminerai avec la finale de Gerry\u00a0:<\/p>\n<blockquote><p>Dans les yeux des mal-aim\u00e9s<br \/>\nJ\u2019ai vu le soleil briller<br \/>\nEt j\u2019ai laiss\u00e9 mon c\u0153ur parler<\/p><\/blockquote>\n<p>Photo : Unsplash |\u00a0Remy_Loz<\/p>\n","protected":false},"excerpt":{"rendered":"<p>Je ne sais pas pour vous, mais moi j\u2019accorde beaucoup d\u2019importance aux regards des gens. Leurs yeux sont le reflet&hellip;<\/p>\n","protected":false},"author":1,"featured_media":2347,"comment_status":"closed","ping_status":"open","sticky":false,"template":"","format":"standard","meta":{"footnotes":""},"categories":[117],"tags":[],"class_list":["post-2346","post","type-post","status-publish","format-standard","has-post-thumbnail","hentry","category-reflexion"],"_links":{"self":[{"href":"https:\/\/mestrouvailles.ca\/index.php\/wp-json\/wp\/v2\/posts\/2346","targetHints":{"allow":["GET"]}}],"collection":[{"href":"https:\/\/mestrouvailles.ca\/index.php\/wp-json\/wp\/v2\/posts"}],"about":[{"href":"https:\/\/mestrouvailles.ca\/index.php\/wp-json\/wp\/v2\/types\/post"}],"author":[{"embeddable":true,"href":"https:\/\/mestrouvailles.ca\/index.php\/wp-json\/wp\/v2\/users\/1"}],"replies":[{"embeddable":true,"href":"https:\/\/mestrouvailles.ca\/index.php\/wp-json\/wp\/v2\/comments?post=2346"}],"version-history":[{"count":1,"href":"https:\/\/mestrouvailles.ca\/index.php\/wp-json\/wp\/v2\/posts\/2346\/revisions"}],"predecessor-version":[{"id":2348,"href":"https:\/\/mestrouvailles.ca\/index.php\/wp-json\/wp\/v2\/posts\/2346\/revisions\/2348"}],"wp:featuredmedia":[{"embeddable":true,"href":"https:\/\/mestrouvailles.ca\/index.php\/wp-json\/wp\/v2\/media\/2347"}],"wp:attachment":[{"href":"https:\/\/mestrouvailles.ca\/index.php\/wp-json\/wp\/v2\/media?parent=2346"}],"wp:term":[{"taxonomy":"category","embeddable":true,"href":"https:\/\/mestrouvailles.ca\/index.php\/wp-json\/wp\/v2\/categories?post=2346"},{"taxonomy":"post_tag","embeddable":true,"href":"https:\/\/mestrouvailles.ca\/index.php\/wp-json\/wp\/v2\/tags?post=2346"}],"curies":[{"name":"wp","href":"https:\/\/api.w.org\/{rel}","templated":true}]}}