{"id":2521,"date":"2017-12-14T10:08:39","date_gmt":"2017-12-14T14:08:39","guid":{"rendered":"http:\/\/mestrouvailles.ca\/?p=2521"},"modified":"2017-12-14T10:08:39","modified_gmt":"2017-12-14T14:08:39","slug":"et-si-on-trouvait-encore-de-lespoir","status":"publish","type":"post","link":"https:\/\/mestrouvailles.ca\/index.php\/2017\/12\/14\/et-si-on-trouvait-encore-de-lespoir\/","title":{"rendered":"Et si on trouvait encore de l\u2019espoir\u2026"},"content":{"rendered":"<p>Je ne sais pas si vous avez eu la chance de visionner le clip de Jeremy Demay et Alex Nevsky pour <a href=\"https:\/\/www.facebook.com\/generationcentraide\/\" target=\"_blank\" rel=\"noopener\">G\u00e9n\u00e9ration Centraide<\/a> mais si ce n\u2019est pas le cas, je vous invite d\u00e8s maintenant \u00e0 ouvrir votre c\u0153ur et vos oreilles et \u00e0 prendre quelques minutes pour <a href=\"https:\/\/www.facebook.com\/generationcentraide\/videos\/523603238008616\/\" target=\"_blank\" rel=\"noopener\">absorber le tout<\/a>. \u00c7a d\u00e9bute avec la phrase-choc suivante\u00a0: Au Qu\u00e9bec, 1.3 million de personnes vivent dans la pr\u00e9carit\u00e9 et souffrent d\u2019exclusion sociale.<\/p>\n<p>Juste \u00e7a, moi, \u00e7a me tord le c\u0153ur, \u00e7a me brouille les tripes, \u00e7a me peine beaucoup. 1.3 million, c\u2019est beaucoup, c\u2019est trop, c\u2019est inacceptable. Car, on l\u2019oublie parfois avec nos vies mouvement\u00e9es et notre petit confort s\u00e9curisant, mais le malheur peut s\u2019abattre sur tout le monde et surtout, surtout, chaque humain se vaut, chaque humain a le droit \u00e0 la dignit\u00e9. Il n\u2019y a personne ne mieux que l\u2019autre, personne ne qui m\u00e9rite plus que les autres.<\/p>\n<p>Mais ce concept, il est extr\u00eamement difficile \u00e0 faire int\u00e9grer \u00e0 des gens qui vivent dans le luxe et qui \u00e9crasent les autres pour se complaire dans leur petit bonheur de riche. Et m\u00eame pour ceux qui ont une bonne attitude, \u00e7a prend parfois de grand-chose pour prendre conscience de la fragilit\u00e9 de la vie. C\u2019est \u00e9trange mais en regardant cette vid\u00e9o, j\u2019ai pens\u00e9 \u00e0 Alexandre Taiilefer qui avait tout pour \u00eatre heureux mais pour qui la vie a chang\u00e9 de tournure brutalement quand son fils a fait le choix de s\u2019enlever la vie, criant sa souffrance par ce geste irr\u00e9versible. M. Taillefer avait le succ\u00e8s que tout le monde enviait mais \u00e7a n\u2019a pas emp\u00eacher le malheur de s\u2019abattre sur lui.<\/p>\n<p>Alors, imaginez une personne qui part dans la vie avec une difficult\u00e9 sociale, une maladie, un handicap ou une simple g\u00eane maladive\u2026 Comment cette personne peut-elle percer la bulle sociale si on la juge constamment, si personne ne l\u2019accompagne, s\u2019il n\u2019y a pas, autour d\u2019elle, des piliers, des mains qui se tendent, des bras qui s\u2019ouvrent?<\/p>\n<p>On a tous une responsabilit\u00e9 dans ce qui survient aux autres dans notre soci\u00e9t\u00e9, c\u2019est l\u2019affaire de tous, le bonheur et le malheur. Ce n\u2019est pas qu\u2019individuel, c\u2019est collectif. Et \u00e7a n\u2019a rien avoir avec le montant dans le compte de banque, la quantit\u00e9 d\u2019amis Facebook, le volume de v\u00eatements ou de biens que l\u2019on poss\u00e8de.\u00a0 C\u2019est ce qui se passe dans le c\u0153ur, dans l\u2019\u00e2me.<\/p>\n<blockquote><p>Et si on trouvait encore de l\u2019espoir\u2026<br \/>\nEt si la paix s\u2019emparait de nos chairs\u2026<br \/>\nS\u2019il suffisait juste de croire qu\u2019on est extraordinaire\u2026<br \/>\nNous serions conducteurs de lumi\u00e8re.<\/p><\/blockquote>\n<p>Des paroles comme celles-ci, diffus\u00e9es par deux porte-paroles touchants, sinc\u00e8res et authentiques, \u00e7a ne peut qu\u2019aider \u00e0 faire avancer les choses et j\u2019ai toujours beaucoup de respect pour ce genre d\u2019initiatives. Il faut savoir que, pour chaque partage de la vid\u00e9o,\u00a0<a href=\"https:\/\/www.facebook.com\/rbcfr\/?fref=mentions\" target=\"_blank\" rel=\"noopener\" data-hovercard=\"\/ajax\/hovercard\/page.php?id=342802912769257&amp;extragetparams=%7B%22fref%22%3A%22mentions%22%7D\" data-hovercard-prefer-more-content-show=\"1\">RBC<\/a>\u00a0versera 2 $ \u00e0\u00a0<a href=\"https:\/\/www.facebook.com\/generationcentraide\/\" target=\"_blank\" rel=\"noopener\" data-hovercard=\"\/ajax\/hovercard\/page.php?id=309212032781072&amp;extragetparams=%7B%22fref%22%3A%22mentions%22%7D\" data-hovercard-prefer-more-content-show=\"1\">G\u00e9n\u00e9ration Centraide<\/a> pour r\u00e9duire les in\u00e9galit\u00e9s dans le Grand Montr\u00e9al.<\/p>\n<p>Comme le dit si bien un homme dans son r\u00e9cit\u00a0:<\/p>\n<p>\u00ab\u00a0L\u2019essentiel ce n\u2019est pas de tomber, c\u2019est de se relever.\u00a0\u00bb<\/p>\n<p>Alors, si ensemble on faisait un petit geste en partageant cette vid\u00e9o, et si on tentait collectivement de se rassembler pour mettre en commun nos forces, nos intentions et nos valeurs, je suis convaincue qu\u2019on arriverait \u00e0 de bien grandes choses qui pourraient, au bout du compte, faire une immense diff\u00e9rence pour tous les gens qui ont besoin, ne serait-ce que d\u2019un regard, d\u2019un \u00e9lan, d\u2019un contact humain\u2026 \u00c7a vous dit, de changer le monde, un partage et un sourire \u00e0 la fois?<\/p>\n<p>&nbsp;<\/p>\n<p>Photo : Unsplash |\u00a0John-Mark Kuznietsov<\/p>\n","protected":false},"excerpt":{"rendered":"<p>Je ne sais pas si vous avez eu la chance de visionner le clip de Jeremy Demay et Alex Nevsky&hellip;<\/p>\n","protected":false},"author":1,"featured_media":2523,"comment_status":"closed","ping_status":"open","sticky":false,"template":"","format":"standard","meta":{"footnotes":""},"categories":[117,6],"tags":[],"class_list":["post-2521","post","type-post","status-publish","format-standard","has-post-thumbnail","hentry","category-reflexion","category-societe"],"_links":{"self":[{"href":"https:\/\/mestrouvailles.ca\/index.php\/wp-json\/wp\/v2\/posts\/2521","targetHints":{"allow":["GET"]}}],"collection":[{"href":"https:\/\/mestrouvailles.ca\/index.php\/wp-json\/wp\/v2\/posts"}],"about":[{"href":"https:\/\/mestrouvailles.ca\/index.php\/wp-json\/wp\/v2\/types\/post"}],"author":[{"embeddable":true,"href":"https:\/\/mestrouvailles.ca\/index.php\/wp-json\/wp\/v2\/users\/1"}],"replies":[{"embeddable":true,"href":"https:\/\/mestrouvailles.ca\/index.php\/wp-json\/wp\/v2\/comments?post=2521"}],"version-history":[{"count":2,"href":"https:\/\/mestrouvailles.ca\/index.php\/wp-json\/wp\/v2\/posts\/2521\/revisions"}],"predecessor-version":[{"id":2524,"href":"https:\/\/mestrouvailles.ca\/index.php\/wp-json\/wp\/v2\/posts\/2521\/revisions\/2524"}],"wp:featuredmedia":[{"embeddable":true,"href":"https:\/\/mestrouvailles.ca\/index.php\/wp-json\/wp\/v2\/media\/2523"}],"wp:attachment":[{"href":"https:\/\/mestrouvailles.ca\/index.php\/wp-json\/wp\/v2\/media?parent=2521"}],"wp:term":[{"taxonomy":"category","embeddable":true,"href":"https:\/\/mestrouvailles.ca\/index.php\/wp-json\/wp\/v2\/categories?post=2521"},{"taxonomy":"post_tag","embeddable":true,"href":"https:\/\/mestrouvailles.ca\/index.php\/wp-json\/wp\/v2\/tags?post=2521"}],"curies":[{"name":"wp","href":"https:\/\/api.w.org\/{rel}","templated":true}]}}