{"id":2855,"date":"2018-05-10T07:55:31","date_gmt":"2018-05-10T11:55:31","guid":{"rendered":"http:\/\/mestrouvailles.ca\/?p=2855"},"modified":"2018-05-10T07:55:31","modified_gmt":"2018-05-10T11:55:31","slug":"et-si-on-prenait-le-temps","status":"publish","type":"post","link":"https:\/\/mestrouvailles.ca\/index.php\/2018\/05\/10\/et-si-on-prenait-le-temps\/","title":{"rendered":"Et si on prenait le temps&#8230;"},"content":{"rendered":"<p>On est juste en mai. C\u2019est ce que je me r\u00e9p\u00e8te depuis quelques jours. Car j\u2019ai d\u00e9j\u00e0 l\u2019impression d\u2019avoir manqu\u00e9 de temps, de ne pas avoir assez profit\u00e9 des premiers jours de beaux temps, de ne pas savourer chaque rayon du soleil et chaque nouvelle pousse qui se pointe dans mon jardin. Le temps, peu importe l\u2018\u00e2ge ou le statut social, semble nous manquer \u00e0 tous.<\/p>\n<p>Vous me direz peut-\u00eatre que c\u2019est la crise de la quarantaine qui s\u2019am\u00e8ne, que \u00e7a va passer, qu\u2019on finit tous par s\u2019en remettre et par vivre notre petit train-train quotidien comme avant. Mais je n\u2019ai pas envie de cela. Je n\u2019ai pas envie de me r\u00e9veiller un beau matin et de regarder derri\u00e8re pour me dire que j\u2019aurais d\u00fb mieux user de mon temps. Je ne veux pas vivre dans le regret. M\u00eame si j\u2019ai l\u2019impression d\u2019avoir fait de bons choix de vie, m\u00eame si je sais que mes d\u00e9cisions sont, pour la plupart, en accord avec mes valeurs, j\u2019ai quand m\u00eame ce sentiment de ne pas toujours \u00eatre pile l\u00e0 o\u00f9 je devrais \u00eatre.<\/p>\n<p>Bien s\u00fbr, donnez-moi 18 millions de dollars et je balancerai tout pour me concentrer \u00e0 110% \u00e0 mes passions et \u00e0 la d\u00e9couverte du monde. Mais m\u00eame avec \u00e7a, je ne suis pas certaine que je serais enti\u00e8rement satisfaite. Je ne crois pas que ce soit une question d\u2019argent ou de valeur mon\u00e9taire. C\u2019est int\u00e9rieur, c\u2019est en nous que \u00e7a se passe. Pas dans notre compte de banque ni selon nos pieds carr\u00e9s.<\/p>\n<p>Se laisser guider par son instinct, laisser \u00e9merger les id\u00e9es pour qu\u2019elles nous dictent notre chemin, c\u2019est une philosophie que je tente de mettre en pratique au quotidien mais qui n\u2019est pas toujours \u00e9vidente. Parfois, mon instinct n\u2019est qu\u2019un faible murmure et il se fait enterrer par plein d\u2019influences externes. Par moment, aussi, il m\u2019arrive de le faire taire car je ne suis pas pr\u00eate \u00e0 l\u2019entendre, \u00e0 l\u2019assumer. Et je sais que je suis loin d\u2019\u00eatre la seule \u00e0 vivre cela.<\/p>\n<p>\u00c7a fait peur des fois ce qu\u2019on se dit \u00e0 soi-m\u00eame, \u00e7a effraie, \u00e7a donne des frissons. Mais, m\u00eame si on balaie, qu\u2019on pellete par en avant, si c\u2019est une conviction de notre \u00eatre, \u00e7a reviendra et un jour, on aura l\u2019accueil n\u00e9cessaire pour l\u2019accepter. Tout comme, quand on est dans une relation qui ne fonctionne pas, \u00e7a peut prendre du temps avant qu\u2019on franchisse le pas qui nous en lib\u00e9rera. Qui a dit que ce serait facile, cette vie, apr\u00e8s tout?<\/p>\n<p>On est juste en mai. Mais je dois trouver le moyen de me d\u00e9poser, de prendre le temps de vivre pour ne pas arriver en septembre, sur le point de partir pour Madrid, avec la langue \u00e0 terre et la t\u00eate \u00e9puis\u00e9e. Je r\u00e9p\u00e8te fr\u00e9quemment qu\u2019on ne sauve pas des vies, pour prot\u00e9ger mes coll\u00e8gues de l\u2019\u00e9puisement et pour relativiser ce qui parfois nous para\u00eet grave sans vraiment l\u2019\u00eatre. Mais j\u2019ai plus de difficult\u00e9 \u00e0 appliquer \u00e0 moi-m\u00eame ce que je pr\u00f4ne pour les autres. Cordonnier mal chauss\u00e9?<\/p>\n<p>Prendre le temps de vivre, un jour \u00e0 la fois, sans stresser pour le lendemain, sans ressasser le pass\u00e9. \u00catre ici et maintenant, dans l\u2019instant pr\u00e9sent, concr\u00e8tement. C\u2019est facile de dire \u00ab\u00a0oui, oui, je suis toute l\u00e0\u00a0\u00bb tout en pensant aux courses \u00e0 faire et au retard sur le projet. Le ph\u00e9nom\u00e8ne \u00ab\u00a0multit\u00e2ches\u00a0\u00bb est un fl\u00e9au dans notre soci\u00e9t\u00e9 de performance. Mais apr\u00e8s, il ne faut pas se surprendre de la charge mentale que \u00e7a g\u00e9n\u00e8re\u2026<\/p>\n<p>Et si on mettait de c\u00f4t\u00e9 la pression, la surcharge, le stress et la fatigue pour vivre plus l\u00e9ger, pour cesser de s\u2019emp\u00eatrer de biens mat\u00e9riels et de factures qui s\u2019empilent pour se concentrer sur nous, les humains. Vous savez, ces \u00eatres que l\u2019on c\u00f4toie sans toujours les voir, sans prendre le temps de savoir r\u00e9ellement comment ils vont, s\u2019ils ont des soucis, s\u2019ils sont pr\u00e9occup\u00e9s ou plut\u00f4t euphoriques d\u2019une nouvelle id\u00e9e, d\u2019une nouveau projet de vie? Et si on prenait le temps, tout simplement. Il me semble qu\u2019on arriverait moins vite \u00e0 l\u2019automne et \u00e0 la course de la rentr\u00e9e\u2026<\/p>\n<p>&nbsp;<\/p>\n<p>Photo : Unsplash |\u00a0Harry Sandhu<\/p>\n","protected":false},"excerpt":{"rendered":"<p>On est juste en mai. C\u2019est ce que je me r\u00e9p\u00e8te depuis quelques jours. Car j\u2019ai d\u00e9j\u00e0 l\u2019impression d\u2019avoir manqu\u00e9&hellip;<\/p>\n","protected":false},"author":1,"featured_media":2856,"comment_status":"closed","ping_status":"open","sticky":false,"template":"","format":"standard","meta":{"footnotes":""},"categories":[117],"tags":[],"class_list":["post-2855","post","type-post","status-publish","format-standard","has-post-thumbnail","hentry","category-reflexion"],"_links":{"self":[{"href":"https:\/\/mestrouvailles.ca\/index.php\/wp-json\/wp\/v2\/posts\/2855","targetHints":{"allow":["GET"]}}],"collection":[{"href":"https:\/\/mestrouvailles.ca\/index.php\/wp-json\/wp\/v2\/posts"}],"about":[{"href":"https:\/\/mestrouvailles.ca\/index.php\/wp-json\/wp\/v2\/types\/post"}],"author":[{"embeddable":true,"href":"https:\/\/mestrouvailles.ca\/index.php\/wp-json\/wp\/v2\/users\/1"}],"replies":[{"embeddable":true,"href":"https:\/\/mestrouvailles.ca\/index.php\/wp-json\/wp\/v2\/comments?post=2855"}],"version-history":[{"count":1,"href":"https:\/\/mestrouvailles.ca\/index.php\/wp-json\/wp\/v2\/posts\/2855\/revisions"}],"predecessor-version":[{"id":2857,"href":"https:\/\/mestrouvailles.ca\/index.php\/wp-json\/wp\/v2\/posts\/2855\/revisions\/2857"}],"wp:featuredmedia":[{"embeddable":true,"href":"https:\/\/mestrouvailles.ca\/index.php\/wp-json\/wp\/v2\/media\/2856"}],"wp:attachment":[{"href":"https:\/\/mestrouvailles.ca\/index.php\/wp-json\/wp\/v2\/media?parent=2855"}],"wp:term":[{"taxonomy":"category","embeddable":true,"href":"https:\/\/mestrouvailles.ca\/index.php\/wp-json\/wp\/v2\/categories?post=2855"},{"taxonomy":"post_tag","embeddable":true,"href":"https:\/\/mestrouvailles.ca\/index.php\/wp-json\/wp\/v2\/tags?post=2855"}],"curies":[{"name":"wp","href":"https:\/\/api.w.org\/{rel}","templated":true}]}}