{"id":3010,"date":"2018-07-26T08:19:44","date_gmt":"2018-07-26T12:19:44","guid":{"rendered":"http:\/\/mestrouvailles.ca\/?p=3010"},"modified":"2018-07-26T08:19:44","modified_gmt":"2018-07-26T12:19:44","slug":"de-belles-lectures-inspirantes","status":"publish","type":"post","link":"https:\/\/mestrouvailles.ca\/index.php\/2018\/07\/26\/de-belles-lectures-inspirantes\/","title":{"rendered":"De belles lectures inspirantes"},"content":{"rendered":"<p class=\"Style1\"><span lang=\"FR-CA\">Derni\u00e8rement, j\u2019ai beaucoup lu, comme une rage, un besoin visc\u00e9ral de m\u2019\u00e9vader par les mots. Et deux lectures m\u2019ont particuli\u00e8rement plu dans le lot\u00a0: la merveilleuse biographie de Ren\u00e9 Homier-Roy, intitul\u00e9e Moi, ainsi que le r\u00e9cit de Jean-Christophe Rufin\u00a0: Immortelle randonn\u00e9e \u2013 Compostelle malgr\u00e9 moi. C\u2019est \u00e9trange car je viens tout juste de remarquer, en l\u2019\u00e9crivant, que les deux titres contiennent le mot \u00ab\u00a0moi\u00a0\u00bb!<\/span><\/p>\n<p class=\"Style1\"><span lang=\"FR-CA\">Ren\u00e9 Homier-Roy a \u00e9t\u00e9, \u00e0 mes yeux, le meilleur animateur de l\u2019\u00e9mission matinale \u00e0 Radio-Canada. J\u2019ai eu beaucoup de peine lorsqu\u2019il a d\u00e9cid\u00e9 de quitter son poste aux aurores et je me souviens encore du matin o\u00f9 il nous l\u2019a annonc\u00e9, avec l\u2019\u00e9motion dans la voix. Cette voix qui m\u2019a d\u2019ailleurs accompagn\u00e9 tout au long de ma lecture. Mais, \u00e9tant donn\u00e9 les \u00e9preuves qu\u2019il venait de traverser et la routine exigeante qu\u2019exige de type de travail, je comprenais tout \u00e0 fait sa d\u00e9cision.<\/span><\/p>\n<p class=\"Style1\"><span lang=\"FR-CA\">Lire son parcours m\u2019a fait rire et pleurer, m\u2019a touch\u00e9, beaucoup, mais m\u2019a aussi fait conna\u00eetre des facettes jusque-l\u00e0 inconnues de sa vie, disons-le, un peu d\u00e9bauch\u00e9e. J\u2019ai beaucoup appr\u00e9ci\u00e9 qu\u2019il nous partage sa vision du monde des m\u00e9dias, ses coups de gueule concernant la gestion de certaines entreprises et du milieu de la culture, ainsi que ses coups de c\u0153ur dans son parcours professionnel. Je me suis reconnue dans sa mani\u00e8re d\u2019aborder les nouveaux d\u00e9fis ainsi que les changements de direction inattendus. <\/span><\/p>\n<p class=\"Style1\"><span lang=\"FR-CA\">T\u00e9moin privil\u00e9gi\u00e9 de la culture qu\u00e9b\u00e9coise, il a \u00e9t\u00e9 un acteur cl\u00e9, un d\u00e9clencheur, un brasseur d\u2019id\u00e9es, un grand communicateur et un amoureux profond. \u00c0 travers son regard, on revoit l\u2019\u00e9volution de notre soci\u00e9t\u00e9, on comprend ses d\u00e9routes et ses \u00e9lans et on se rem\u00e9more la place occup\u00e9e par certains artistes. Peu de regrets ressortent de toutes ses ann\u00e9es de folles cavales \u00e0 travers les m\u00e9andres de la culture. Cet homme a su se tailler une place respectable et continue, encore, de nous partager ses plaisirs culturels avec passion et fougue. J\u2019esp\u00e8re qu\u2019il le fera encore longtemps\u2026<\/span><\/p>\n<p class=\"Style1\"><span lang=\"FR-CA\">Le deuxi\u00e8me bouquin se voulait plus instructif puisque je marcherai sur les chemins de Compostelle dans moins de deux mois. J\u2019ai donc cherch\u00e9 parmi les nombreux livres \u00e9crits sur le sujet ceux qui semblaient \u00eatre les plus appr\u00e9ci\u00e9s. Le parcours racont\u00e9 par M. Rufin m\u2019a sembl\u00e9 appropri\u00e9 puisqu\u2019il abordait autant le d\u00e9fi physique que le parcours humain et spirituel. Et je n\u2019ai pas \u00e9t\u00e9 d\u00e9\u00e7ue.<\/span><\/p>\n<p class=\"Style1\"><span lang=\"FR-CA\">M\u00e9decin engag\u00e9 dans l\u2019action humanitaire, cet homme avait \u00e9crit d\u2019autres romans avant celui-ci et s\u2019est engag\u00e9 sur le Chemin du Nord sans grande attente ni une pr\u00e9paration assidue. Il le dit d\u2019embl\u00e9e d\u2019ailleurs, il ne savait aucunement quoi r\u00e9pondre quand on lui demandait pourquoi partait-il pour Santiago! Mais ce qu\u2019il a d\u00e9couvert, c\u2019est surtout que la raison importe peu. Comme il le mentionne, quand on est sur le Chemin, on est parti, voil\u00e0 tout.<\/span><\/p>\n<p class=\"Style1\"><span lang=\"FR-CA\">Il raconte son p\u00e9riple, les difficult\u00e9s comme les rencontres humaines enrichissantes, les beaut\u00e9s et laideurs du monde qu\u2019il d\u00e9couvre. Un brin de jugement pointe sur les gens qui ne font qu\u2019une portion du chemin (comme ce sera mon cas en septembre) ainsi que sur ceux qui font transporter leur bagage ou qui d\u00e9cide de ne pas \u00ab\u00a0subir\u00a0\u00bb les dortoirs ou m\u00eame de dormir dans une tente. Mais on passe vite par-dessus gr\u00e2ce \u00e0 la qualit\u00e9 de l\u2019\u00e9criture et la g\u00e9n\u00e9rosit\u00e9 du partage d\u2019informations.<\/span><\/p>\n<p class=\"Style1\"><span lang=\"FR-CA\">Si vous avez envie d\u2019en savoir plus sur ce chemin mythique, ce livre vous fournira une quantit\u00e9 non-n\u00e9gligeable d\u2019informations tr\u00e8s utiles. Mais aussi, il vous fera comprendre que chacun part sur le chemin avec sa propre histoire, ses raisons bien personnelles et ses objectifs \u00e0 lui. Et tout cela est l\u00e9gitime. <\/span><\/p>\n<p class=\"Style1\"><span lang=\"FR-CA\">Tout comme dans la vie, on a chacun notre parcours et nos exp\u00e9riences, et c\u2019est ce qui nous accompagne dans les randonn\u00e9es, quand on se retrouve seul avec nous-m\u00eames. Ce chemin fut t\u00e9moin de mille et unes histoires humaines et c\u2019est avec grand plaisir que j\u2019ajouterai la mienne dans quelques temps. J\u2019aurai surement beaucoup de choses \u00e0 raconter \u00e0 mon retour. Mais d\u2019ici l\u00e0, je me pr\u00e9pare physiquement et mentalement tout en me disant qu\u2019adviendra ce que la vie voudra me donner.<\/span><\/p>\n<p>&nbsp;<\/p>\n<p>Photo : Unsplash |\u00a0John-Mark Smith<\/p>\n","protected":false},"excerpt":{"rendered":"<p>Derni\u00e8rement, j\u2019ai beaucoup lu, comme une rage, un besoin visc\u00e9ral de m\u2019\u00e9vader par les mots. Et deux lectures m\u2019ont particuli\u00e8rement&hellip;<\/p>\n","protected":false},"author":1,"featured_media":3011,"comment_status":"closed","ping_status":"open","sticky":false,"template":"","format":"standard","meta":{"footnotes":""},"categories":[91,117],"tags":[],"class_list":["post-3010","post","type-post","status-publish","format-standard","has-post-thumbnail","hentry","category-lecture","category-reflexion"],"_links":{"self":[{"href":"https:\/\/mestrouvailles.ca\/index.php\/wp-json\/wp\/v2\/posts\/3010","targetHints":{"allow":["GET"]}}],"collection":[{"href":"https:\/\/mestrouvailles.ca\/index.php\/wp-json\/wp\/v2\/posts"}],"about":[{"href":"https:\/\/mestrouvailles.ca\/index.php\/wp-json\/wp\/v2\/types\/post"}],"author":[{"embeddable":true,"href":"https:\/\/mestrouvailles.ca\/index.php\/wp-json\/wp\/v2\/users\/1"}],"replies":[{"embeddable":true,"href":"https:\/\/mestrouvailles.ca\/index.php\/wp-json\/wp\/v2\/comments?post=3010"}],"version-history":[{"count":1,"href":"https:\/\/mestrouvailles.ca\/index.php\/wp-json\/wp\/v2\/posts\/3010\/revisions"}],"predecessor-version":[{"id":3012,"href":"https:\/\/mestrouvailles.ca\/index.php\/wp-json\/wp\/v2\/posts\/3010\/revisions\/3012"}],"wp:featuredmedia":[{"embeddable":true,"href":"https:\/\/mestrouvailles.ca\/index.php\/wp-json\/wp\/v2\/media\/3011"}],"wp:attachment":[{"href":"https:\/\/mestrouvailles.ca\/index.php\/wp-json\/wp\/v2\/media?parent=3010"}],"wp:term":[{"taxonomy":"category","embeddable":true,"href":"https:\/\/mestrouvailles.ca\/index.php\/wp-json\/wp\/v2\/categories?post=3010"},{"taxonomy":"post_tag","embeddable":true,"href":"https:\/\/mestrouvailles.ca\/index.php\/wp-json\/wp\/v2\/tags?post=3010"}],"curies":[{"name":"wp","href":"https:\/\/api.w.org\/{rel}","templated":true}]}}