{"id":3049,"date":"2018-08-09T08:13:01","date_gmt":"2018-08-09T12:13:01","guid":{"rendered":"http:\/\/mestrouvailles.ca\/?p=3049"},"modified":"2018-08-09T08:14:37","modified_gmt":"2018-08-09T12:14:37","slug":"un-vent-de-fraicheur","status":"publish","type":"post","link":"https:\/\/mestrouvailles.ca\/index.php\/2018\/08\/09\/un-vent-de-fraicheur\/","title":{"rendered":"Un vent de fra\u00eecheur"},"content":{"rendered":"<p class=\"Style1\"><span lang=\"FR-CA\">Aujourd\u2019hui, c\u2019est le grand jour, le jour J. Un jour sous le th\u00e8me de la transformation et du changement. Le genre de journ\u00e9e o\u00f9 tu te l\u00e8ves, \u00ab\u00a0ben crinqu\u00e9e\u00a0\u00bb, et o\u00f9 tu sens que \u00e7a sera follement excitant. Ce soir, je change de t\u00eate. Depuis une d\u00e9cennie, j\u2019ai les cheveux longs. Mais voil\u00e0, \u00e7a fait quelques semaines que j\u2019y pense, que je me bats avec ma chevelure qui finit toujours par \u00eatre remont\u00e9e en chignon approximatif et j\u2019ai d\u00e9cid\u00e9 que j\u2019avais envie de modifier mon allure.<\/span><\/p>\n<p class=\"Style1\"><span lang=\"FR-CA\">Alors, comme je l\u2019ai mentionn\u00e9 dans mon billet de <a href=\"https:\/\/mestrouvailles.ca\/index.php\/2018\/08\/06\/je-suis-celle-qui-sourit\/\">lundi<\/a>, apr\u00e8s avoir constat\u00e9 dans un groupe de femmes qu\u2019on avait presque toute la m\u00eame t\u00eate, j\u2019ai pris ma d\u00e9cision officielle et mon rendez-vous chez le coiffeur. Comme on dit, au pire, des cheveux, \u00e7a repousse! Mais je suis en confiance car mon fid\u00e8le ami aux doigts de f\u00e9e fera des miracles, comme \u00e0 son habitude. Et je fais partie des gens qui n\u2019ont pas peur, qui aime oser, m\u00eame brusquer par un changement radical.<\/span><\/p>\n<p class=\"Style1\"><span lang=\"FR-CA\">J\u2019ai eu \u00e0 peu pr\u00e8s toutes les couleurs de cheveux possibles dans mon jeune temps. J\u2019aimais d\u00e9stabiliser en arrivant au bureau le lundi matin avec une nouvelle couleur, la saveur du mois comme on disait \u00e0 cette \u00e9poque. Ma pr\u00e9f\u00e9r\u00e9e f\u00fbt un fuchsia tr\u00e8s intense qui tachait tous mes v\u00eatements et draps mais que m\u00eame la caissi\u00e8re pr\u00e9-retrait\u00e9e de mon \u00e9picerie adorait. Alors, comme je suis aujourd&rsquo;hui plus sage, je ne risque rien\u2026 Quoi que j\u2019aie zieut\u00e9 les teintures \u00ab\u00a0Manic Panic\u00a0\u00bb hier \u00e0 la pharmacie (pour ceux qui ne connaissent pas, ce sont des teintures v\u00e9ganes aux couleurs criardes, souvent fluos, qui existent depuis longtemps).<\/span><\/p>\n<p class=\"Style1\"><span lang=\"FR-CA\">On n\u2019a qu\u2019une vie \u00e0 vivre alors si on se prive de s\u2019amuser, de s\u2019\u00e9clater un peu, on risque de finir aigri et frustr\u00e9 en r\u00e9alisant trop tard qu\u2019on aurait d\u00fb savourer et croquer dans la vie \u00e0 pleines dents. C\u2019est ma philosophie et je l\u2019assume pleinement. J\u2019ai trop longtemps \u00e9touff\u00e9 dans mon carcan pour aujourd\u2019hui me priver de l\u2019exaltation que procure les sauts dans le vide. Chaque jour, on va travailler, on suit un horaire pr\u00e9d\u00e9fini, on fait le m\u00eame trajet, on reste dans nos habitudes. Je ne sais pas pour vous, mais moi, apr\u00e8s un certain temps, \u00e7a me d\u00e9mange de sortir de ce cadre.<\/span><\/p>\n<p class=\"Style1\"><span lang=\"FR-CA\">J\u2019ai h\u00e2te \u00e0 ce soir et je suis excit\u00e9e \u00e0 l\u2019id\u00e9e de sortir de chez mon coiffeur avec une toute nouvelle apparence. Bon, je ne passe pas au bistouri mais tout de m\u00eame. Disons que le contraste sera marqu\u00e9 et j\u2019en suis conscience. Je me suis r\u00e9veill\u00e9e ce matin, les cheveux en bataille en me disant justement que c\u2019\u00e9tait mon dernier matin, du moins pour un temps, \u00e0 avoir cette longue chevelure encombrante. <\/span><\/p>\n<p class=\"Style1\"><span lang=\"FR-CA\">Je sais, on va me dire que les cheveux courts, ce n\u2019est pas moins de trouble, \u00e7a demande de les placer, de les coiffer, au lieu de simplement les rassembler et les attacher. J\u2019en suis pleinement consciente et je suis d\u00e9j\u00e0 pass\u00e9e par l\u00e0, merci. Mais justement, parfois, il faut changer le mal de place, changer de perspective, bouleverser ses habitudes pour se fouetter un peu. C\u2019est peut-\u00eatre la quarantaine qui approche qui me donne autant envie de nouveaut\u00e9, mais peu importe.<\/span><\/p>\n<p class=\"Style1\"><span lang=\"FR-CA\">Je me souviens d\u2019avoir rencontr\u00e9 un voyant l\u2019ann\u00e9e du d\u00e9c\u00e8s de mon p\u00e8re et il m\u2019avait dit qu\u2019un jour, l\u2019envie me prendrait de changer de style, comme un besoin visc\u00e9ral, comme quelque chose d\u2019in\u00e9vitable. J\u2019y ai repens\u00e9 quand j\u2019ai pris ma d\u00e9cision et \u00e7a m\u2019a fait sourire. On croit \u00eatre ma\u00eetre de son destin et d\u00e9cider de sa trajectoire mais peut-\u00eatre en est-il autrement? Chose certaine, j\u2019ai le temp\u00e9rament qui me pousse \u00e0 changer d\u2019eau parfois, pour sortir de mon quotidien et voir la vie autrement. Alors aujourd&rsquo;hui, je dis oui au vent de fra\u00eecheur que je sentirai particuli\u00e8rement sur ma nuque d\u00e9nud\u00e9e apr\u00e8s cette transformation qui me donnera un \u00e9lan pour la suite des choses\u2026<\/span><\/p>\n<p>&nbsp;<\/p>\n<p>Photo : Unsplash |\u00a0Yasin Ho\u015fg\u00f6r<\/p>\n","protected":false},"excerpt":{"rendered":"<p>Aujourd\u2019hui, c\u2019est le grand jour, le jour J. Un jour sous le th\u00e8me de la transformation et du changement. Le&hellip;<\/p>\n","protected":false},"author":1,"featured_media":3050,"comment_status":"closed","ping_status":"open","sticky":false,"template":"","format":"standard","meta":{"footnotes":""},"categories":[117,122],"tags":[],"class_list":["post-3049","post","type-post","status-publish","format-standard","has-post-thumbnail","hentry","category-reflexion","category-style"],"_links":{"self":[{"href":"https:\/\/mestrouvailles.ca\/index.php\/wp-json\/wp\/v2\/posts\/3049","targetHints":{"allow":["GET"]}}],"collection":[{"href":"https:\/\/mestrouvailles.ca\/index.php\/wp-json\/wp\/v2\/posts"}],"about":[{"href":"https:\/\/mestrouvailles.ca\/index.php\/wp-json\/wp\/v2\/types\/post"}],"author":[{"embeddable":true,"href":"https:\/\/mestrouvailles.ca\/index.php\/wp-json\/wp\/v2\/users\/1"}],"replies":[{"embeddable":true,"href":"https:\/\/mestrouvailles.ca\/index.php\/wp-json\/wp\/v2\/comments?post=3049"}],"version-history":[{"count":2,"href":"https:\/\/mestrouvailles.ca\/index.php\/wp-json\/wp\/v2\/posts\/3049\/revisions"}],"predecessor-version":[{"id":3052,"href":"https:\/\/mestrouvailles.ca\/index.php\/wp-json\/wp\/v2\/posts\/3049\/revisions\/3052"}],"wp:featuredmedia":[{"embeddable":true,"href":"https:\/\/mestrouvailles.ca\/index.php\/wp-json\/wp\/v2\/media\/3050"}],"wp:attachment":[{"href":"https:\/\/mestrouvailles.ca\/index.php\/wp-json\/wp\/v2\/media?parent=3049"}],"wp:term":[{"taxonomy":"category","embeddable":true,"href":"https:\/\/mestrouvailles.ca\/index.php\/wp-json\/wp\/v2\/categories?post=3049"},{"taxonomy":"post_tag","embeddable":true,"href":"https:\/\/mestrouvailles.ca\/index.php\/wp-json\/wp\/v2\/tags?post=3049"}],"curies":[{"name":"wp","href":"https:\/\/api.w.org\/{rel}","templated":true}]}}