{"id":3424,"date":"2019-03-05T08:44:52","date_gmt":"2019-03-05T12:44:52","guid":{"rendered":"http:\/\/mestrouvailles.ca\/?p=3424"},"modified":"2019-03-05T08:44:52","modified_gmt":"2019-03-05T12:44:52","slug":"les-projets-nourrissent-lame","status":"publish","type":"post","link":"https:\/\/mestrouvailles.ca\/index.php\/2019\/03\/05\/les-projets-nourrissent-lame\/","title":{"rendered":"Les projets nourrissent l\u2019\u00e2me"},"content":{"rendered":"\n<p>Je ne suis m\u00eame pas encore partie pour mon voyage \u00e0 Venise que j\u2019en suis d\u00e9j\u00e0 \u00e0 r\u00e9fl\u00e9chir \u00e0 celui de l\u2019automne. Avec plusieurs d\u00e9penses impr\u00e9vues dans les derniers mois et le co\u00fbt de mon super p\u00e9riple \u00ab on a 40 ans une seule fois \u00bb, je me suis dit que mon second chemin de Compostelle devra attendre quelques temps encore. Puis, hier, je vois une publication Facebook avec les dates d\u2019automne de la TDLG : <a href=\"https:\/\/www.facebook.com\/TDLGGaspesie\/\" target=\"_blank\" rel=\"noreferrer noopener\" aria-label=\"la Travers\u00e9e de la Gasp\u00e9sie (s\u2019ouvre dans un nouvel onglet)\">la Travers\u00e9e de la Gasp\u00e9sie<\/a>. Et dans ma t\u00eate : Eur\u00e9ka!<br><\/p>\n\n\n\n<p>Marcher, c\u2019est la vie. C\u2019est ce qui me connecte \u00e0 la terre, c\u2019est ce qui m\u2019a\u00e8re l\u2019esprit et \u00e9quilibre ma sant\u00e9 mentale. \u00c7a me peinait de devoir me r\u00e9soudre \u00e0 reporter ma visite en terre jacquaire mais si je veux conserver ma paix d\u2019esprit, je ne peux pas dilapider mon coussin financier. Et, \u00e0 ce moment, tel un signe du destin, appara\u00eet cette belle image devant mes yeux :<\/p>\n\n\n\n<figure class=\"wp-block-image\"><img loading=\"lazy\" decoding=\"async\" width=\"1024\" height=\"512\" src=\"https:\/\/mestrouvailles.ca\/wp-content\/uploads\/2019\/03\/TDLG-1024x512.jpg\" alt=\"Cr\u00e9dit photo : TDLG\" class=\"wp-image-3425\" srcset=\"https:\/\/mestrouvailles.ca\/wp-content\/uploads\/2019\/03\/TDLG-1024x512.jpg 1024w, https:\/\/mestrouvailles.ca\/wp-content\/uploads\/2019\/03\/TDLG-300x150.jpg 300w, https:\/\/mestrouvailles.ca\/wp-content\/uploads\/2019\/03\/TDLG-768x384.jpg 768w, https:\/\/mestrouvailles.ca\/wp-content\/uploads\/2019\/03\/TDLG-600x300.jpg 600w, https:\/\/mestrouvailles.ca\/wp-content\/uploads\/2019\/03\/TDLG.jpg 1400w\" sizes=\"auto, (max-width: 1024px) 100vw, 1024px\" \/><\/figure>\n\n\n\n<p>Je ne sais pas si c\u2019est l\u2019oiseau, le paysage magnifique, le sourire de la dame ou l\u2019ic\u00f4ne \u00ab pas de wifi \u00bb qui m\u2019a interpell\u00e9 (ou l\u2019ensemble de l\u2019\u0153uvre) mais c\u2019est comme si dans ma t\u00eate, je savais que c\u2019\u00e9tait \u00c7A. Le \u00c7A dont parle l\u2019humoriste Andr\u00e9 Sauv\u00e9 dans son spectacle (que je vous recommande sinc\u00e8rement), le \u00c7A qui nous fait vibrer l\u2019int\u00e9rieur, le \u00c7A qui fait qu\u2019on sait, au fond de soi, qu\u2019on a trouv\u00e9.<br><\/p>\n\n\n\n<p>C\u2019est que, voyez-vous, pour que le temps passe plus vite devant mon \u00e9cran dans mon boulot, pour que je trouve l\u2019\u00e9nergie de me d\u00e9brouiller seule (vie de c\u00e9libataire oblige), pour que j\u2019encaisse les coups, les d\u00e9faites, les d\u00e9fis et les emb\u00fbches, \u00e7a me prend des projets, des buts, une vision, un sentiment de faire tout cela pour quelque chose. Je l\u2019ai d\u00e9j\u00e0 dit, je ne suis pas du type plan quinquennal ni planification d\u00e9taill\u00e9e avec budget et \u00e9ch\u00e9ancier \u00e0 l\u2019appui (je laisse \u00e7a \u00e0 mon boulot). J\u2019y vais au feeling, je tente de d\u00e9celer les petites \u00e9tincelles, d\u2019\u00eatre \u00e0 l\u2019aff\u00fbt de ce qui s\u2019illumine en moi.<br><\/p>\n\n\n\n<p>Et hier, j\u2019ai souri devant cette image empreinte d\u2019authenticit\u00e9, de naturel et de paix. Je veux \u00eatre l\u00e0, tout simplement. Et j\u2019ai tellement entendu souvent la vibrante Sophie Faucher en parler que je me demande pourquoi je ne l\u2019ai pas encore fait. Apr\u00e8s avoir \u00e9t\u00e9 en Espagne pour marcher 322 km, je crois qu\u2019un petit s\u00e9jour de 7 jours de randonn\u00e9e en Gasp\u00e9sie est tout indiqu\u00e9, non?<br><\/p>\n\n\n\n<p>Mon \u00e2me a besoin de se faire brasser la cage pour rester allum\u00e9e, mon c\u0153ur a besoin d\u2019\u00eatre un peu mis \u00e0 l\u2019\u00e9preuve, tout comme mes muscles et mes organes sont capables d\u2019en prendre. J\u2019\u00e9prouve ce besoin visc\u00e9ral de me d\u00e9passer, de me sentir vivante par des exp\u00e9riences de vie et des d\u00e9fis purement personnels. Pendant longtemps, c\u2019est ma carri\u00e8re qui a pris cette place pour me faire \u00e9voluer et avancer en grade. Mais aujourd\u2019hui, c\u2019est autre chose qui m\u2019appelle et m\u2019interpelle. C\u2019est ce besoin de me nourrir et de construire des souvenirs, de vivre des \u00e9motions et des sensations diff\u00e9rentes, de plonger dans l\u2019inconnu pour d\u00e9couvrir des facettes de moi jusque-l\u00e0 inexplor\u00e9es. C\u2019est ce besoin de partir \u00e0 la d\u00e9couverte de moi-m\u00eame.<\/p>\n\n\n\n<p>P.S. J\u2019\u00e9tais tellement excit\u00e9e \u00e0 l\u2019id\u00e9e de partager ce nouveau projet que j\u2019en ai oubli\u00e9 de mettre mon granola dans mon d\u00e9jeuner sur le pouce avant de le manger\u2026 Bravo championne!<\/p>\n\n\n\n<p><\/p>\n\n\n\n<p>Photo : Unsplash | Sam Beaup<br>Parc national de la Gasp\u00e9sie<br><\/p>\n","protected":false},"excerpt":{"rendered":"<p>Je ne suis m\u00eame pas encore partie pour mon voyage \u00e0 Venise que j\u2019en suis d\u00e9j\u00e0 \u00e0 r\u00e9fl\u00e9chir \u00e0 celui&hellip;<\/p>\n","protected":false},"author":1,"featured_media":3426,"comment_status":"closed","ping_status":"open","sticky":false,"template":"","format":"standard","meta":{"footnotes":""},"categories":[147,117,142],"tags":[],"class_list":["post-3424","post","type-post","status-publish","format-standard","has-post-thumbnail","hentry","category-lieux","category-reflexion","category-sante"],"_links":{"self":[{"href":"https:\/\/mestrouvailles.ca\/index.php\/wp-json\/wp\/v2\/posts\/3424","targetHints":{"allow":["GET"]}}],"collection":[{"href":"https:\/\/mestrouvailles.ca\/index.php\/wp-json\/wp\/v2\/posts"}],"about":[{"href":"https:\/\/mestrouvailles.ca\/index.php\/wp-json\/wp\/v2\/types\/post"}],"author":[{"embeddable":true,"href":"https:\/\/mestrouvailles.ca\/index.php\/wp-json\/wp\/v2\/users\/1"}],"replies":[{"embeddable":true,"href":"https:\/\/mestrouvailles.ca\/index.php\/wp-json\/wp\/v2\/comments?post=3424"}],"version-history":[{"count":1,"href":"https:\/\/mestrouvailles.ca\/index.php\/wp-json\/wp\/v2\/posts\/3424\/revisions"}],"predecessor-version":[{"id":3427,"href":"https:\/\/mestrouvailles.ca\/index.php\/wp-json\/wp\/v2\/posts\/3424\/revisions\/3427"}],"wp:featuredmedia":[{"embeddable":true,"href":"https:\/\/mestrouvailles.ca\/index.php\/wp-json\/wp\/v2\/media\/3426"}],"wp:attachment":[{"href":"https:\/\/mestrouvailles.ca\/index.php\/wp-json\/wp\/v2\/media?parent=3424"}],"wp:term":[{"taxonomy":"category","embeddable":true,"href":"https:\/\/mestrouvailles.ca\/index.php\/wp-json\/wp\/v2\/categories?post=3424"},{"taxonomy":"post_tag","embeddable":true,"href":"https:\/\/mestrouvailles.ca\/index.php\/wp-json\/wp\/v2\/tags?post=3424"}],"curies":[{"name":"wp","href":"https:\/\/api.w.org\/{rel}","templated":true}]}}