{"id":350,"date":"2015-09-09T08:05:18","date_gmt":"2015-09-09T12:05:18","guid":{"rendered":"http:\/\/mestrouvailles.ca\/?p=350"},"modified":"2015-09-09T08:05:54","modified_gmt":"2015-09-09T12:05:54","slug":"accepter-ses-petits-defauts","status":"publish","type":"post","link":"https:\/\/mestrouvailles.ca\/index.php\/2015\/09\/09\/accepter-ses-petits-defauts\/","title":{"rendered":"Accepter ses petits d\u00e9fauts"},"content":{"rendered":"<p>Quand on parle d\u2019imperfections, on pense \u00e0 prime abord \u00e0 nos d\u00e9fauts physiques, \u00e0 ces parties de nous que l\u2019on pr\u00e9f\u00e8re cacher. Ou encore \u00e0 ces traits de notre caract\u00e8re qui nous font parfois r\u00e9agir plus qu\u2019on ne le voudrait. Et on a parfois l\u2019impression que nous sommes pires que les autres, qu\u2019on a plus de petits travers, qu\u2019on devrait tellement travailler sur nous pour s\u2019am\u00e9liorer\u2026 Mais ce qu\u2019on ne r\u00e9alise souvent pas c\u2019est qu\u2019on est tous ainsi, on croit tous \u00eatre pire que les autres, que le jardin du voisin est tellement mieux. \u00c0 force de se comparer on finit par ne plus \u00eatre en mesure d\u2019appr\u00e9cier et de voir nos qualit\u00e9s. On n\u2019est m\u00eame plus au stade de voir le verre \u00e0 moiti\u00e9 vide ou plein, on ne voit que les petits d\u00e9fauts du foutu verre!<\/p>\n<p>\u00c0 force de discuter avec les gens, je r\u00e9alise \u00e0 quel point on est exigeant avec soi-m\u00eame. Oui, on se fait bombarder d\u2019images de corps parfait, de famille parfaite, de maison parfaite\u2026 Mais on se laisse impr\u00e9gner de tout cela, on se laisse influencer sans r\u00e9fl\u00e9chir. Et au fond de nous, on sait pertinemment que ce n\u2019est pas tout cela qui nous rendra plus heureux. Il y aura toujours quelque chose qui viendra ternir le portrait parfait \u00e0 nos yeux car on porte notre attention sur ce qui d\u00e9tonne de notre mod\u00e8le. Mais c\u2019est justement ce mod\u00e8le qu\u2019on nous \u00e0 forcer d\u2019adh\u00e9rer qui fait d\u00e9faut, qui jure avec la vie!<\/p>\n<p>Il y a bien quelques exemples inspirants de gens qui ont pris la d\u00e9cision de sortir du mod\u00e8le rigide pour s\u2019accepter tel quel, pour vivre en marge de la soci\u00e9t\u00e9 de consommation surfaite qui remplit nos marges de cr\u00e9dit. Mais ceux que je connais ont souvent l\u2019impression d\u2019avoir \u00e0 se justifier constamment et je pr\u00e9sume que cela peut devenir un peu p\u00e9nible. Et encore l\u00e0\u2026 A-t-on besoin d\u2019aller dans les extr\u00eames? N\u2019y aurait-il pas un juste milieu o\u00f9 des moments de folie viennent teinter une vie plus assum\u00e9e?<\/p>\n<p>Personnellement, je sais pertinemment que je ne serais pas plus heureuse apr\u00e8s un lifting ou de faux seins\u2026 Mais je r\u00e9alise que je suis entour\u00e9e et bombard\u00e9e d\u2019image de corps parfait qui constamment me rappelle que Photoshop fait des miracles et que m\u00eame si je travaillais dans un gym et faisais un bac en nutrition, je n\u2019y arriverais probablement jamais. Car j\u2019aime manger, boire et profiter de la vie. Et que vivre dans la privation extr\u00eame me donnerait peut-\u00eatre un corps \u00e0 rendre jalouse bien des femmes mais ma t\u00eate elle souffrirait d\u2019un ennui mortel. Savourer un bon bordeaux, d\u00e9guster une tarte \u00e0 la lime et me pr\u00e9lasser au soleil font partie de mon \u00e9quilibre. Je suis pleinement consciente que je devrai vivre avec les \u00ab\u00a0cons\u00e9quences\u00a0\u00bb de ces \u00e9carts mais justement\u2026 on consid\u00e8re le tout comme des \u00e9carts car le \u00ab\u00a0mod\u00e8le\u00a0\u00bb nous dicte de se nourrir de salade (bio) et de faire du sport d\u00e8s que l\u2019occasion se pr\u00e9sente.<\/p>\n<p>Si je devais arriver \u00e0 70 ans avec un corps impeccable en m\u2019\u00e9tant priv\u00e9e toute ma vie, je suis persuad\u00e9e que je regretterais de ne pas avoir profit\u00e9 au maximum de ces belles ann\u00e9es. Regarder au-del\u00e0 des imperfections\u2026 Dans mon esprit, \u00e7a sonne comme un l\u00e2cher-prise, sain et senti. Et dans cette r\u00e9flexion se greffe la connaissance de soi. Car quand on se conna\u00eet, on comprend mieux ce qui nous rend r\u00e9ellement heureux, ce qui r\u00e9sonne en soi et qui nous donne ce sourire contagieux. \ud83d\ude42<\/p>\n","protected":false},"excerpt":{"rendered":"<p>Quand on parle d\u2019imperfections, on pense \u00e0 prime abord \u00e0 nos d\u00e9fauts physiques, \u00e0 ces parties de nous que l\u2019on&hellip;<\/p>\n","protected":false},"author":1,"featured_media":351,"comment_status":"open","ping_status":"open","sticky":false,"template":"","format":"standard","meta":{"footnotes":""},"categories":[5],"tags":[108],"class_list":["post-350","post","type-post","status-publish","format-standard","has-post-thumbnail","hentry","category-vie-saine","tag-etre-heureux"],"_links":{"self":[{"href":"https:\/\/mestrouvailles.ca\/index.php\/wp-json\/wp\/v2\/posts\/350","targetHints":{"allow":["GET"]}}],"collection":[{"href":"https:\/\/mestrouvailles.ca\/index.php\/wp-json\/wp\/v2\/posts"}],"about":[{"href":"https:\/\/mestrouvailles.ca\/index.php\/wp-json\/wp\/v2\/types\/post"}],"author":[{"embeddable":true,"href":"https:\/\/mestrouvailles.ca\/index.php\/wp-json\/wp\/v2\/users\/1"}],"replies":[{"embeddable":true,"href":"https:\/\/mestrouvailles.ca\/index.php\/wp-json\/wp\/v2\/comments?post=350"}],"version-history":[{"count":2,"href":"https:\/\/mestrouvailles.ca\/index.php\/wp-json\/wp\/v2\/posts\/350\/revisions"}],"predecessor-version":[{"id":353,"href":"https:\/\/mestrouvailles.ca\/index.php\/wp-json\/wp\/v2\/posts\/350\/revisions\/353"}],"wp:featuredmedia":[{"embeddable":true,"href":"https:\/\/mestrouvailles.ca\/index.php\/wp-json\/wp\/v2\/media\/351"}],"wp:attachment":[{"href":"https:\/\/mestrouvailles.ca\/index.php\/wp-json\/wp\/v2\/media?parent=350"}],"wp:term":[{"taxonomy":"category","embeddable":true,"href":"https:\/\/mestrouvailles.ca\/index.php\/wp-json\/wp\/v2\/categories?post=350"},{"taxonomy":"post_tag","embeddable":true,"href":"https:\/\/mestrouvailles.ca\/index.php\/wp-json\/wp\/v2\/tags?post=350"}],"curies":[{"name":"wp","href":"https:\/\/api.w.org\/{rel}","templated":true}]}}