{"id":3507,"date":"2019-04-17T08:32:17","date_gmt":"2019-04-17T12:32:17","guid":{"rendered":"http:\/\/mestrouvailles.ca\/?p=3507"},"modified":"2019-04-17T08:32:17","modified_gmt":"2019-04-17T12:32:17","slug":"cest-beau-un-corps-point","status":"publish","type":"post","link":"https:\/\/mestrouvailles.ca\/index.php\/2019\/04\/17\/cest-beau-un-corps-point\/","title":{"rendered":"C&rsquo;est beau, un corps. Point."},"content":{"rendered":"\n<p>Ce matin, je partageais <a href=\"http:\/\/plus.lapresse.ca\/screens\/84e3f13a-c14e-4a51-8220-d2e783914e03__7C___0.html\" target=\"_blank\" rel=\"noreferrer noopener\" aria-label=\"l\u2019article de La Presse+ (s\u2019ouvre dans un nouvel onglet)\">l\u2019article de La Presse+<\/a> sur les marques de v\u00eatements d\u2019ici qui tendent \u00e0 promouvoir l\u2019inclusion et la diversit\u00e9, que ce soit en termes de couleur de peau ou de forme corporelle. Et j\u2019\u00e9tais particuli\u00e8rement heureuse de constater qu\u2019ici, on ose, on d\u00e9passe les tabous et on d\u00e9fait les mythes et pr\u00e9jug\u00e9s. Je suis fi\u00e8re de nous ce matin.<br><\/p>\n\n\n\n<p>Vous me direz qu\u2019il y a peut-\u00eatre un peu (beaucoup) de strat\u00e9gie marketing derri\u00e8re \u00e7a mais je pr\u00e9f\u00e8re croire qu\u2019on d\u00e9fonce les barri\u00e8res, peu importe la raison qui provoque ces initiatives. Parce que les mannequins anorexiques, \u00e7a fera. Je ne connais personne qui a l\u2019air de \u00e7a et la plupart des hommes de mon entourage avouent pr\u00e9f\u00e9rer les \u00ab vraies courbes \u00bb \u00e0 un tas d\u2019os. Et je ne parle pas ici de quelqu\u2019un qui a une g\u00e9n\u00e9tique qui fait que c\u2019est impossible d\u2019engraisser. Je parle de l\u2019image v\u00e9hicul\u00e9e qu\u2019une femme, \u00e7a doit avoir un ventre plat, des fesses bomb\u00e9es, des seins bien fermes qui ne tombent pas, des l\u00e8vres pulpeuses, une tignasse liss\u00e9e et des talons de 6 pouces.<br><\/p>\n\n\n\n<p>\u00c7a me plait qu\u2019on soit rendu, collectivement, plus ouvert \u00e0 cette diversit\u00e9, m\u00eame si plusieurs vont bougonner devant des corps plus naturels. C\u2019est en s\u2019exposant \u00e0 cette r\u00e9alit\u00e9 qu\u2019on d\u00e9fera les st\u00e9r\u00e9otypes et qu\u2019on reviendra \u00e0 une image positive du corps, dans toutes ses formes. \u00catre en forme c\u2019est une chose et vouloir prendre soin de soi en faisant du sport et en s\u2019alimentant sainement, c\u2019est bien. Mais \u00eatre obs\u00e9d\u00e9e par le bourrelet qui perdure, ce n\u2019est pas sain, \u00e7a.<br><\/p>\n\n\n\n<p>Pourtant, on le sait, les discours pullulent sur l\u2019acceptation de soi mais on continue de suivre les marques qui pr\u00f4nent la maigreur sur Instagram. C\u2019est dur de changer, c\u2019est ardu de casser le moule. Et \u00e7a prend des initiatives comme celle de Sokoloff, J3L Lingerie et autres pour nous influencer positivement.<br><\/p>\n\n\n\n<p>C\u2019est quand la derni\u00e8re fois que vous vous \u00eates regard\u00e9e dans votre miroir, en sous-v\u00eatements, et que vous avez appr\u00e9ci\u00e9 votre corps? Vous pouvez \u00eatre honn\u00eate avec vous-m\u00eames car personne ne saura la r\u00e9ponse. Personnellement, il y a des jours o\u00f9 je suis en mesure d\u2019appr\u00e9cier ce corps qui me soutient malgr\u00e9 les \u00e9preuves mais il y en a d\u2019autres o\u00f9 j\u2019ai envie de le couvrir au plus vite.<br><\/p>\n\n\n\n<p>Avec les ann\u00e9es, j\u2019ai chang\u00e9 mon rapport \u00e0 mon corps. Je me le suis appropri\u00e9e, d\u2019abord, mais j\u2019ai aussi appris \u00e0 ressentir l\u2019int\u00e9rieur plut\u00f4t que de me concentrer sur l\u2019enveloppe. Quand je sens mes muscles qui travaillent fort lors d\u2019une sortie de course, quand je constate que mes organes s\u2019\u00e9quilibrent, quand je me r\u00e9veille en pleine forme le matin, quand je m\u2019apaise par la respiration\u2026 Tout cela me fait r\u00e9aliser \u00e0 quel point c\u2019est une machine formidable et que son allure compte peu par rapport \u00e0 tout ce qu\u2019elle r\u00e9ussit \u00e0 accomplir.<br><\/p>\n\n\n\n<p>Notre corps, ce n\u2019est pas qu\u2019une image. C\u2019est un v\u00e9hicule puissant, un alli\u00e9 qui nous accompagne dans tout ce qu\u2019on entreprend. Oui, c\u2019est la premi\u00e8re chose que les gens voient. Mais nous sommes tellement plus que cela. Notre sourire, notre regard, notre voix, notre poign\u00e9e de main, notre \u00e9nergie : \u00e7a en dit beaucoup plus long que notre tour de taille.<br><\/p>\n\n\n\n<p>J\u2019ai tellement envie qu\u2019on arr\u00eate d\u2019\u00eatre si dure envers nous-m\u00eames et qu\u2019on passe par-dessus cette foutue image corporelle imparfaite. On nous a bourr\u00e9 le cr\u00e2ne avec ces standards irr\u00e9alistes mais on peut d\u00e9faire ces perceptions pour s\u2019accepter, s\u2019aimer et s\u2019en servir comme un tremplin pour accomplir tout ce qu\u2019on veut.<br><\/p>\n\n\n\n<p>Oui, on est belle, on est bonne, on est fine et on est capable. Mais surtout, on est aimable et d\u00e9sirable, peu importe la grandeur de nos jeans.<\/p>\n\n\n\n<p>P.S. Je vous invite \u00e0 suivre l\u2019OBNL \u00ab\u00a0Bien avec mon corps\u00a0\u00bb sur Instagram :  <br><a rel=\"noreferrer noopener\" aria-label=\"https:\/\/www.instagram.com\/bienavecmoncorps\/  (s\u2019ouvre dans un nouvel onglet)\" href=\"https:\/\/www.instagram.com\/bienavecmoncorps\/\" target=\"_blank\">https:\/\/www.instagram.com\/bienavecmoncorps\/ <\/a><\/p>\n\n\n\n<p>Photo : Unsplash | Pierre BEST<\/p>\n","protected":false},"excerpt":{"rendered":"<p>Ce matin, je partageais l\u2019article de La Presse+ sur les marques de v\u00eatements d\u2019ici qui tendent \u00e0 promouvoir l\u2019inclusion et&hellip;<\/p>\n","protected":false},"author":1,"featured_media":3508,"comment_status":"closed","ping_status":"open","sticky":false,"template":"","format":"standard","meta":{"footnotes":""},"categories":[117,6],"tags":[],"class_list":["post-3507","post","type-post","status-publish","format-standard","has-post-thumbnail","hentry","category-reflexion","category-societe"],"_links":{"self":[{"href":"https:\/\/mestrouvailles.ca\/index.php\/wp-json\/wp\/v2\/posts\/3507","targetHints":{"allow":["GET"]}}],"collection":[{"href":"https:\/\/mestrouvailles.ca\/index.php\/wp-json\/wp\/v2\/posts"}],"about":[{"href":"https:\/\/mestrouvailles.ca\/index.php\/wp-json\/wp\/v2\/types\/post"}],"author":[{"embeddable":true,"href":"https:\/\/mestrouvailles.ca\/index.php\/wp-json\/wp\/v2\/users\/1"}],"replies":[{"embeddable":true,"href":"https:\/\/mestrouvailles.ca\/index.php\/wp-json\/wp\/v2\/comments?post=3507"}],"version-history":[{"count":1,"href":"https:\/\/mestrouvailles.ca\/index.php\/wp-json\/wp\/v2\/posts\/3507\/revisions"}],"predecessor-version":[{"id":3509,"href":"https:\/\/mestrouvailles.ca\/index.php\/wp-json\/wp\/v2\/posts\/3507\/revisions\/3509"}],"wp:featuredmedia":[{"embeddable":true,"href":"https:\/\/mestrouvailles.ca\/index.php\/wp-json\/wp\/v2\/media\/3508"}],"wp:attachment":[{"href":"https:\/\/mestrouvailles.ca\/index.php\/wp-json\/wp\/v2\/media?parent=3507"}],"wp:term":[{"taxonomy":"category","embeddable":true,"href":"https:\/\/mestrouvailles.ca\/index.php\/wp-json\/wp\/v2\/categories?post=3507"},{"taxonomy":"post_tag","embeddable":true,"href":"https:\/\/mestrouvailles.ca\/index.php\/wp-json\/wp\/v2\/tags?post=3507"}],"curies":[{"name":"wp","href":"https:\/\/api.w.org\/{rel}","templated":true}]}}