{"id":369,"date":"2015-09-17T08:05:27","date_gmt":"2015-09-17T12:05:27","guid":{"rendered":"http:\/\/mestrouvailles.ca\/?p=369"},"modified":"2015-09-17T08:05:27","modified_gmt":"2015-09-17T12:05:27","slug":"donner-a-sa-juste-mesure","status":"publish","type":"post","link":"https:\/\/mestrouvailles.ca\/index.php\/2015\/09\/17\/donner-a-sa-juste-mesure\/","title":{"rendered":"Donner \u00e0 sa juste mesure"},"content":{"rendered":"<p>En entendant hier l\u2019histoire de P.K. Subban qui verse un don de 10 M$ \u00e0 la Fondation de l\u2019H\u00f4pital de Montr\u00e9al pour enfants, j\u2019ai \u00e9t\u00e9 envahi d\u2019une vague d\u2019espoir. \u00c0 l\u2019heure des catastrophes naturelles de plus en plus fr\u00e9quentes, des guerres \u00a0de territoires et\/ou de religion qui n\u2019en finissent plus, de la pauvret\u00e9 grandissante et de la s\u00e9dentarit\u00e9 qui cause des milliers de maux\u2026 de voir qu\u2019un homme d\u00e9cide de poser un tel geste m\u2019anime d\u2019une grande joie.<\/p>\n<p>Les mauvaises langues diront qu\u2019il b\u00e9n\u00e9ficiera d\u2019avantages fiscaux importants mais ceux-ci pourront bien d\u00e9blat\u00e9rer sur son cas, il n\u2019en demeure pas moins que beaucoup de famille afflig\u00e9es par la maladie de leur enfant ont pouss\u00e9 un soupir de soulagement hier. La seule partie triste dans cette histoire\u2026 c\u2019est de constater que nous avons besoin \u00e0 tout prix de ce type de g\u00e9n\u00e9rosit\u00e9 car le financement de la recherche sur les maladies devrait provenir de nos gouvernements mais ceux-ci coupent all\u00e8grement partout o\u00f9 ils le peuvent pour \u00e9quilibrer leur budget. Et cela m\u2019attriste \u00e9norm\u00e9ment\u2026 Et dieu sait que je n\u2019ai pas envie de lancer un d\u00e9bat sur la place publique car je d\u00e9teste ces d\u00e9chirements souvent \u00e9labor\u00e9s avec 3% des faits r\u00e9els.<\/p>\n<p>Mais que ferait-on si les P.K. Subban, Guy Lalibert\u00e9 et autres richissimes de notre soci\u00e9t\u00e9 d\u00e9cidaient simplement d\u2019investir leurs avoirs dans quelque chose qui ne les concernent qu\u2019eux? Si ces gens ne se laissaient pas toucher par le malheur des autres et ne r\u00e9alisaient pas qu\u2019ils avaient le pouvoir de changer les choses? S\u2019ils n\u2019avaient pas les valeurs \u00e0 la bonne place pour aider leurs prochains?<\/p>\n<p>Excusez-moi l\u2019expression\u2026 mais on ferait dure en sale! \u00c0 quoi \u00e7a sert d\u2019\u00eatre le \u00ab\u00a0plus beau pays du monde\u00a0\u00bb si on coupe dans l\u2019\u00e9ducation des g\u00e9n\u00e9rations futures et qu\u2019on laisse mourir des gens faute de trouver un rem\u00e8de ou du moins de trouver une fa\u00e7on de diminuer leur souffrance? Je ne suis vraiment pas une \u00ab\u00a0fan\u00a0\u00bb de la politique mais je suis une croyante en l\u2019humain, en la force du nombre, en la collaboration et l\u2019implication sociale. Chaque petit geste peut faire une diff\u00e9rence car l\u2019ensemble de ceux-ci nous donnent un tout coh\u00e9rent et imposant. On lisait r\u00e9cemment que les Qu\u00e9b\u00e9cois sont des gens qui font souvent de plus petits dons mais en grand nombre et donc que le calcul se fait diff\u00e9remment que dans d\u2019autres provinces o\u00f9 les dons sont comptabilit\u00e9s car apparaissant sur les d\u00e9clarations fiscales.<\/p>\n<p>Et quand on parle de don on parle souvent d\u2019argent\u2026 Mais qu\u2019en est-il des dons de sang, de v\u00eatements, de nourriture et de temps? \u00catre b\u00e9n\u00e9vole peut changer la vie de certaines personnes, autant du donneur que du receveur. Car le don de soi apporte un sentiment de fiert\u00e9 et d\u2019appartenance, on sent qu\u2019on fait une diff\u00e9rence. Il n\u2019est pas n\u00e9cessaire d\u2019\u00eatre riche et de faire partie du CH pour \u00eatre g\u00e9n\u00e9reux. Il faut seulement se sortir de sa routine et trouver une cause qui nous tient \u00e0 c\u0153ur, qui rejoint notre fibre int\u00e9rieure et qui s\u2019aligne avec nos valeurs.<\/p>\n<p>Mais d\u2019ici l\u00e0, comme le titrait Patrick Lagac\u00e9 ce matin, peu importe qui le CH nommera comme capitaine de l\u2019\u00e9quipe, on peut dire que dans nos c\u0153urs, on a trouv\u00e9 notre capitaine\u2026<\/p>\n","protected":false},"excerpt":{"rendered":"<p>En entendant hier l\u2019histoire de P.K. Subban qui verse un don de 10 M$ \u00e0 la Fondation de l\u2019H\u00f4pital de&hellip;<\/p>\n","protected":false},"author":1,"featured_media":370,"comment_status":"open","ping_status":"open","sticky":false,"template":"","format":"standard","meta":{"footnotes":""},"categories":[6],"tags":[112],"class_list":["post-369","post","type-post","status-publish","format-standard","has-post-thumbnail","hentry","category-societe","tag-don"],"_links":{"self":[{"href":"https:\/\/mestrouvailles.ca\/index.php\/wp-json\/wp\/v2\/posts\/369","targetHints":{"allow":["GET"]}}],"collection":[{"href":"https:\/\/mestrouvailles.ca\/index.php\/wp-json\/wp\/v2\/posts"}],"about":[{"href":"https:\/\/mestrouvailles.ca\/index.php\/wp-json\/wp\/v2\/types\/post"}],"author":[{"embeddable":true,"href":"https:\/\/mestrouvailles.ca\/index.php\/wp-json\/wp\/v2\/users\/1"}],"replies":[{"embeddable":true,"href":"https:\/\/mestrouvailles.ca\/index.php\/wp-json\/wp\/v2\/comments?post=369"}],"version-history":[{"count":1,"href":"https:\/\/mestrouvailles.ca\/index.php\/wp-json\/wp\/v2\/posts\/369\/revisions"}],"predecessor-version":[{"id":371,"href":"https:\/\/mestrouvailles.ca\/index.php\/wp-json\/wp\/v2\/posts\/369\/revisions\/371"}],"wp:featuredmedia":[{"embeddable":true,"href":"https:\/\/mestrouvailles.ca\/index.php\/wp-json\/wp\/v2\/media\/370"}],"wp:attachment":[{"href":"https:\/\/mestrouvailles.ca\/index.php\/wp-json\/wp\/v2\/media?parent=369"}],"wp:term":[{"taxonomy":"category","embeddable":true,"href":"https:\/\/mestrouvailles.ca\/index.php\/wp-json\/wp\/v2\/categories?post=369"},{"taxonomy":"post_tag","embeddable":true,"href":"https:\/\/mestrouvailles.ca\/index.php\/wp-json\/wp\/v2\/tags?post=369"}],"curies":[{"name":"wp","href":"https:\/\/api.w.org\/{rel}","templated":true}]}}