{"id":3694,"date":"2021-04-08T11:07:58","date_gmt":"2021-04-08T15:07:58","guid":{"rendered":"http:\/\/mestrouvailles.ca\/?p=3694"},"modified":"2021-04-08T11:07:58","modified_gmt":"2021-04-08T15:07:58","slug":"la-pensee-collective","status":"publish","type":"post","link":"https:\/\/mestrouvailles.ca\/index.php\/2021\/04\/08\/la-pensee-collective\/","title":{"rendered":"La pens\u00e9e collective"},"content":{"rendered":"\n<p>Penser et agir pour soi n\u2019est pas une attitude \u00e9go\u00efste, quoi qu\u2019on en pense. Car, \u00e0 la base, comme on nous le dit dans l\u2019avion lors des explications des mesures de sauvetage, on doit se sauver d\u2019abord avant de s\u2019occuper de quiconque. Il est tout \u00e0 fait naturel de combler ses besoins, d\u2019agir en fonction de ces aspirations et de penser selon nos envies et d\u00e9sirs profonds.<\/p>\n\n\n\n<p>Mais on doit aussi avoir une part de pens\u00e9e collective en soi, de conscience sociale qui implique de mesurer l\u2019impact de ses faits et gestes sur la communaut\u00e9. Cette facult\u00e9 est rudement mise \u00e0 l\u2019\u00e9preuve en cette p\u00e9riode de grand bouleversement g\u00e9n\u00e9rant un niveau d\u2019anxi\u00e9t\u00e9 extr\u00eame. Quand on nous parle de prioriser les patients \u00e0 traiter (et \u00e0 vacciner), on devient tout \u00e0 coup moins \u00ab en mode collectif \u00bb.<\/p>\n\n\n\n<p>Hier, j\u2019ai ressenti une grande frustration devant la liste des maladies chroniques diffus\u00e9es sur le site du gouvernement. \u00c7a couvrait pratiquement tout sauf le syst\u00e8me digestif, syst\u00e8me qui chez-moi est d\u00e9ficient, affect\u00e9 par ce qu\u2019on appelle une MII (maladie inflammatoire de l\u2019intestin). Heureusement, plusieurs sp\u00e9cialistes ont rectifi\u00e9 le tir en expliquant que les gens prioris\u00e9s sont un petit lot de personnes atteints gravement et que la liste fournie par le gouvernement m\u00e9ritait des pr\u00e9cisions.<\/p>\n\n\n\n<p>La communication est un art et, bien que je ne sois pas du genre \u00e0 lancer des tomates au gouvernement car personne ne peut se targuer d\u2019avoir mieux fait dans le pass\u00e9 (on vit un moment in\u00e9dit alors\u2026), disons qu\u2019il y a quelques rat\u00e9es dans la diffusion de l\u2019information.<\/p>\n\n\n\n<p>La pens\u00e9e collective donc\u2026 La force de ce mode de pens\u00e9e r\u00e9side dans le fait qu\u2019on sort de sa petite personne pour penser globalement, socialement. Et en ce moment, on en a grandement besoin. L\u2019immunit\u00e9 collective \u00e9tant un des moyens les plus efficaces pour passer au travers de cette crise, disons que la r\u00e9sistance aux consignes et le refus du vaccin m\u2019apparait comme un geste purement \u00e9go\u00efste. Il se trouve surement des gens pour qui le vaccin n\u2019est pas ad\u00e9quat, comme pour tous les vaccins d\u2019ailleurs. Mais ce sont des exceptions\u2026<\/p>\n\n\n\n<p>Quand on voit le niveau de propagation du virus dans ce super gym de Qu\u00e9bec qui faisait fi des mesures de protection, on n\u2019a pas \u00e0 se demander longtemps pourquoi on doit continuer de faire des efforts dans cet ultime droit vers la libert\u00e9. Baisser la garde en ce moment, ce serait rejeter tout ce qui a \u00e9t\u00e9 fait jusqu\u2019\u00e0 maintenant, perdre tous nos acquis et s\u2019avouer vaincu devant cet ennemi invisible.<\/p>\n\n\n\n<p>Et, \u00e0 la limite, qu\u2019une personne n\u2019ait pas l\u2019impression d\u2019\u00eatre en danger, \u00e7a la concerne. Mais il ne s\u2019agit pas que d\u2019elle, c\u2019est \u00e7a qu\u2019il faut comprendre. On devient tous un possible vecteur de contagion pour quiconque nous croisons. C\u2019est l\u00e0 o\u00f9 le geste collectif prend tout son sens. \u00ab Si vous ne le faites pas pour vous, faites-le pour les autres \u00bb comme on dit.<\/p>\n\n\n\n<p>Alors, oui, le beau temps s\u2019am\u00e8ne et on pourra bient\u00f4t profiter de nos cours pour s\u2019a\u00e9rer et se changer les id\u00e9es. Mais demeurons prudents et ne tentons pas le diable. Ce serait dommage de g\u00e2cher tous ces efforts faits depuis plusieurs mois pour un \u00ab petit party de piscine \u00bb hein!<\/p>\n\n\n\n<p>D\u2019ici l\u2019automne, on aura retrouv\u00e9 quelques libert\u00e9s, des gestes impossibles encore aujourd\u2019hui reviendront dans nos routines de vie, et bient\u00f4t, pas si loin, on pourra se faire des c\u00e2lins. L\u2019ancien slogan de notre PM \u00e9tait on se donne le go (Legault). Je le recyclerais \u00e0 la sauce COVID\u2026 On va attendre le GO avant de crier victoire mais quand ce sera le cas, on va se g\u00e2ter pas pire. Ce n\u2019est pas si loin, on ne l\u00e2che pas\u2026 xx<\/p>\n\n\n\n<p>Photo : Unsplash &#8211; Drop the Label Movement<\/p>\n","protected":false},"excerpt":{"rendered":"<p>Penser et agir pour soi n\u2019est pas une attitude \u00e9go\u00efste, quoi qu\u2019on en pense. Car, \u00e0 la base, comme on&hellip;<\/p>\n","protected":false},"author":1,"featured_media":3511,"comment_status":"closed","ping_status":"open","sticky":false,"template":"","format":"standard","meta":{"footnotes":""},"categories":[117],"tags":[],"class_list":["post-3694","post","type-post","status-publish","format-standard","has-post-thumbnail","hentry","category-reflexion"],"_links":{"self":[{"href":"https:\/\/mestrouvailles.ca\/index.php\/wp-json\/wp\/v2\/posts\/3694","targetHints":{"allow":["GET"]}}],"collection":[{"href":"https:\/\/mestrouvailles.ca\/index.php\/wp-json\/wp\/v2\/posts"}],"about":[{"href":"https:\/\/mestrouvailles.ca\/index.php\/wp-json\/wp\/v2\/types\/post"}],"author":[{"embeddable":true,"href":"https:\/\/mestrouvailles.ca\/index.php\/wp-json\/wp\/v2\/users\/1"}],"replies":[{"embeddable":true,"href":"https:\/\/mestrouvailles.ca\/index.php\/wp-json\/wp\/v2\/comments?post=3694"}],"version-history":[{"count":1,"href":"https:\/\/mestrouvailles.ca\/index.php\/wp-json\/wp\/v2\/posts\/3694\/revisions"}],"predecessor-version":[{"id":3696,"href":"https:\/\/mestrouvailles.ca\/index.php\/wp-json\/wp\/v2\/posts\/3694\/revisions\/3696"}],"wp:featuredmedia":[{"embeddable":true,"href":"https:\/\/mestrouvailles.ca\/index.php\/wp-json\/wp\/v2\/media\/3511"}],"wp:attachment":[{"href":"https:\/\/mestrouvailles.ca\/index.php\/wp-json\/wp\/v2\/media?parent=3694"}],"wp:term":[{"taxonomy":"category","embeddable":true,"href":"https:\/\/mestrouvailles.ca\/index.php\/wp-json\/wp\/v2\/categories?post=3694"},{"taxonomy":"post_tag","embeddable":true,"href":"https:\/\/mestrouvailles.ca\/index.php\/wp-json\/wp\/v2\/tags?post=3694"}],"curies":[{"name":"wp","href":"https:\/\/api.w.org\/{rel}","templated":true}]}}