{"id":479,"date":"2015-10-28T08:01:49","date_gmt":"2015-10-28T12:01:49","guid":{"rendered":"http:\/\/mestrouvailles.ca\/?p=479"},"modified":"2016-01-17T16:53:13","modified_gmt":"2016-01-17T20:53:13","slug":"et-si-nous-changions-le-visage-du-monde","status":"publish","type":"post","link":"https:\/\/mestrouvailles.ca\/index.php\/2015\/10\/28\/et-si-nous-changions-le-visage-du-monde\/","title":{"rendered":"Et si nous changions le visage du monde?"},"content":{"rendered":"<p>&nbsp;<\/p>\n<p>La soci\u00e9t\u00e9 me trouble, m&rsquo;inqui\u00e8te, me pr\u00e9occupe&#8230; Je lis beaucoup, je m&rsquo;informe et je tente de comprendre. Et parfois, le portrait que je dresse de ma communaut\u00e9, du monde dans lequel je vis, me rend triste.<\/p>\n<p>Loin de moi l&rsquo;id\u00e9e de vous d\u00e9primer mais\u00a0laissez-moi vous partager certains aspects atterrants qui m\u2019ont particuli\u00e8rement interpell\u00e9e derni\u00e8rement.<\/p>\n<p>La psychologue St\u00e9phanie L\u00e9onard a rencontr\u00e9 plusieurs artistes et personnalit\u00e9s publiques afin de publier un recueil de leurs t\u00e9moignages sur le sujet de l\u2019image corporelle et le rapport avec le corps. Je n\u2019ai m\u00eame pas parcouru l\u2019ouvrage que j\u2019en ai des frissons\u2026 Toutes ces personnes ou presque r\u00e9v\u00e8le, parfois sans m\u00eame en \u00eatre pleinement conscients, surveiller leur ligne et avoir fait un r\u00e9gime.<\/p>\n<p>Et on parle de gens qu\u2019on idol\u00e2tre, qu\u2019on met sur un pi\u00e9destal\u2026 Et je trouve cela r\u00e9ellement pr\u00e9occupant que ces personnes que l\u2019on admire soient aussi tourment\u00e9es par leur image corporelle car cela ne fait que d\u00e9montrer que la soci\u00e9t\u00e9 est malade du para\u00eetre. \u00catre qui on est, s\u2019accepter, faire la paix avec son corps semble relever de l\u2019impossible ou du moins de l\u2019exploit dans notre monde actuel.<\/p>\n<p>Et j\u2019en vois certains me dire\u00a0: \u00ab\u00a0ben voyons, moi je n\u2019en fais pas tout un plat\u00a0\u00bb, en direction vers le gym\u2026<\/p>\n<p>Savoir que S\u00e9bastien Benoit s\u2019entra\u00eene 6 \u00e0 7 fois par semaine nous d\u00e9montre aussi que ce n\u2019est pas qu\u2019une histoire f\u00e9minine\u2026 C\u2019est bien beau \u00eatre en forme mais rendu l\u00e0, \u00e7a fr\u00f4le l\u2019obsession quand on n\u2019est pas un athl\u00e8te olympique. Et que dire de ces vedettes du sport qui confient se sentir perp\u00e9tuellement au r\u00e9gime?<\/p>\n<p>Je le r\u00e9p\u00e8te\u2026 \u00c7a me trouble\u2026<\/p>\n<p>Je vous invite \u00e0 lire l\u2019article de Silvia Galipeau sur la sortie de cet ouvrage r\u00e9v\u00e9lateur\u00a0:<br \/>\n<a href=\"http:\/\/plus.lapresse.ca\/screens\/b611f572-e249-4ef7-b7e6-f84a079b45a8%7C_0.html\" target=\"_blank\">http:\/\/plus.lapresse.ca\/screens\/b611f572-e249-4ef7-b7e6-f84a079b45a8%7C_0.html<\/a><\/p>\n<p>Dans un autre ordre d\u2019id\u00e9e, toutes ces histoires de harc\u00e8lement qui nous sont pr\u00e9sent\u00e9es en rafale. Oui je sais, les nouvelles en continu nous donnent la fausse impression que tout est pire aujourd\u2019hui\u2026 Mais justement! Comment se fait-il qu\u2019en tant que soci\u00e9t\u00e9 on tol\u00e8re \u00e7a?<\/p>\n<p>Si vous n\u2019avez pas \u00e9t\u00e9 mis au parfum de la derni\u00e8re chronique \u00e9mouvante\u2026 Lisez la chronique de Mich\u00e8le Ouimet de ce matin\u00a0:<br \/>\n<a href=\"http:\/\/plus.lapresse.ca\/screens\/f7aefa77-2b4d-4291-a38d-c3c170e0548a%7C_0.html\" target=\"_blank\">http:\/\/plus.lapresse.ca\/screens\/f7aefa77-2b4d-4291-a38d-c3c170e0548a%7C_0.html<\/a><\/p>\n<p>Je n\u2019ai aucunement \u00e9t\u00e9 surprise par cette histoire car j\u2019ai assist\u00e9 nombre de fois \u00e0 ce type de dynamique malsaine. Mais de le lire noir sur blanc et de constater les d\u00e9g\u00e2ts que cela peut causer m\u2019a profond\u00e9ment interpell\u00e9 sur la r\u00e9action de la soci\u00e9t\u00e9 dans ce type de situation.<\/p>\n<p>Je n\u2019\u00e9num\u00e8rerai pas tous les sujets qui me pr\u00e9occupent en ce moment car je pourrais en faire un livre. Mais j\u2019ai envie de mettre la table \u00e0 la r\u00e9flexion profonde sur ce que nous sommes en tant que citoyens qui prennent part \u00e0 cette mascarade. Si on veut que nos enfants vivent dans un monde sain et respectueux, si on veut nous m\u00eame \u00eatre respect\u00e9 et se sentir en s\u00e9curit\u00e9, si on d\u00e9sire que notre vie soit plus \u00e9quilibr\u00e9e\u2026 Ne devrait-on pas prendre un temps d\u2019arr\u00eat et se positionner soi-m\u00eame, apprendre \u00e0 se conna\u00eetre et \u00e0 s\u2019accepter? On dit souvent que tout part de soi\u2026 Si on n\u2019est pas heureux avec soi-m\u00eame, si on n\u2019arrive pas \u00e0 s\u2019aimer ou m\u00eame \u00e0 se tol\u00e9rer&#8230; Comment peut-on exiger cela des autres? Est-ce la fameuse spirale n\u00e9gative qui tourne et nous emporte?<\/p>\n<p>Et si nous changions le visage de notre monde en se regardant et en se souriant \u00e0 soi-m\u00eame?<\/p>\n<p>&nbsp;<\/p>\n<p>Photo : Unsplash :\u00a0Greg Rakozy<\/p>\n","protected":false},"excerpt":{"rendered":"<p>&nbsp; La soci\u00e9t\u00e9 me trouble, m&rsquo;inqui\u00e8te, me pr\u00e9occupe&#8230; Je lis beaucoup, je m&rsquo;informe et je tente de comprendre. Et parfois,&hellip;<\/p>\n","protected":false},"author":1,"featured_media":480,"comment_status":"open","ping_status":"open","sticky":false,"template":"","format":"standard","meta":{"footnotes":""},"categories":[6],"tags":[],"class_list":["post-479","post","type-post","status-publish","format-standard","has-post-thumbnail","hentry","category-societe"],"_links":{"self":[{"href":"https:\/\/mestrouvailles.ca\/index.php\/wp-json\/wp\/v2\/posts\/479","targetHints":{"allow":["GET"]}}],"collection":[{"href":"https:\/\/mestrouvailles.ca\/index.php\/wp-json\/wp\/v2\/posts"}],"about":[{"href":"https:\/\/mestrouvailles.ca\/index.php\/wp-json\/wp\/v2\/types\/post"}],"author":[{"embeddable":true,"href":"https:\/\/mestrouvailles.ca\/index.php\/wp-json\/wp\/v2\/users\/1"}],"replies":[{"embeddable":true,"href":"https:\/\/mestrouvailles.ca\/index.php\/wp-json\/wp\/v2\/comments?post=479"}],"version-history":[{"count":2,"href":"https:\/\/mestrouvailles.ca\/index.php\/wp-json\/wp\/v2\/posts\/479\/revisions"}],"predecessor-version":[{"id":683,"href":"https:\/\/mestrouvailles.ca\/index.php\/wp-json\/wp\/v2\/posts\/479\/revisions\/683"}],"wp:featuredmedia":[{"embeddable":true,"href":"https:\/\/mestrouvailles.ca\/index.php\/wp-json\/wp\/v2\/media\/480"}],"wp:attachment":[{"href":"https:\/\/mestrouvailles.ca\/index.php\/wp-json\/wp\/v2\/media?parent=479"}],"wp:term":[{"taxonomy":"category","embeddable":true,"href":"https:\/\/mestrouvailles.ca\/index.php\/wp-json\/wp\/v2\/categories?post=479"},{"taxonomy":"post_tag","embeddable":true,"href":"https:\/\/mestrouvailles.ca\/index.php\/wp-json\/wp\/v2\/tags?post=479"}],"curies":[{"name":"wp","href":"https:\/\/api.w.org\/{rel}","templated":true}]}}