{"id":503,"date":"2015-11-05T10:08:50","date_gmt":"2015-11-05T14:08:50","guid":{"rendered":"http:\/\/mestrouvailles.ca\/?p=503"},"modified":"2015-11-05T10:08:50","modified_gmt":"2015-11-05T14:08:50","slug":"etre-une-femme-en-2015-2","status":"publish","type":"post","link":"https:\/\/mestrouvailles.ca\/index.php\/2015\/11\/05\/etre-une-femme-en-2015-2\/","title":{"rendered":"\u00catre une femme en 2015\u2026"},"content":{"rendered":"<p>Hier se d\u00e9roulait l\u2019annonce du nouveau Conseil des ministres qui se veut paritaire et diversifi\u00e9, comme le qualifie Radio-Canada. J\u2019ai lu beaucoup de commentaires sur le fait que certaines femmes semblent sorties de nulle part, qu\u2019il y a des nominations surprenantes, que c\u2019est audacieux et risqu\u00e9\u2026<\/p>\n<p>Et je me suis dit\u00a0: combien d\u2019hommes au parcours atypique se sont retrouv\u00e9s au fil des ann\u00e9es dans des postes de ministre sans qu\u2019on en fasse tout un plat? Et combien d\u2019hommes chevronn\u00e9s se sont royalement plant\u00e9s dans leurs fonctions malgr\u00e9 ce qu\u2019on avait pr\u00e9vu? Doit-on obligatoirement avoir un parcours sans faille et pr\u00e9visible pour atterrir sur un si\u00e8ge de ministre?<\/p>\n<p>Je ne suis pas particuli\u00e8rement fan des lib\u00e9raux mais hier, j\u2019\u00e9tais fi\u00e8re de voir que Justin Trudeau a pris des \u00ab\u00a0risques\u00a0\u00bb et a tenu sa promesse de parit\u00e9. Parce qu\u2019il est temps que quelqu\u2019un mette la table \u00e0 une repr\u00e9sentation fid\u00e8le de notre soci\u00e9t\u00e9 \u00e0 la t\u00eate de notre pays. Parce qu\u2019on va se le dire, 50% de la population est compos\u00e9e de femmes alors \u00e0 mes yeux, c\u2019est juste normal qu\u2019on ait la m\u00eame chose pour d\u00e9cider d\u2019o\u00f9 ou s\u2019en va. Et ce n\u2019est pas une question, c\u2019est une affirmation\u2026 Aucune h\u00e9sitation, aucune tergiversation. C\u2019est \u00e7a qui est \u00e7a comme on dit\u2026<\/p>\n<p>Ce qui m\u2019attriste c\u2019est qu\u2019on va juger Justin Trudeau sur ces choix, qu\u2019\u00e0 chaque fois qu\u2019une femme fera une mini erreur, on va la critiquer haut et fort alors que si un homme avait fait la m\u00eame chose on aurait juste trouv\u00e9 \u00e7a normal, que les faits et gestes de chacune seront scrut\u00e9s \u00e0 la loupe pour trouver les f\u00ealures et surtout, qu\u2019on analysera tellement leur image que \u00e7a en deviendra une obsession\u2026<\/p>\n<p>Car quand on regarde le traitement accord\u00e9 \u00e0 Mme Lise Th\u00e9riault, on sait ce qui attend nos nouvelles ministres f\u00e9d\u00e9rales\u2026 Lisez les commentaires de mesdames J\u00e9r\u00f4me Forget, Normandeau, Courschene et m\u00eame l\u2019opinion de Jean Charest dans la Presse+ de ce matin. \u00c7a va brasser pour elle et \u00e7a a toujours \u00e9t\u00e9 comme \u00e7a. Parce que \u00e7a d\u00e9range, parce que c\u2019est un monde d\u2019hommes\u2026 D\u00e8s qu\u2019une de celles-ci aurait les traits tir\u00e9s, aurait l\u2019air le moindrement fatigu\u00e9e, on dira qu\u2019elle n\u2019est pas fait pour \u00e7a. Alors qu\u2019un homme, on n\u2019y penserait m\u00eame pas\u2026<\/p>\n<p>On parle d\u2019\u00e9galit\u00e9 homme-femme comme si c\u2019\u00e9tait un dossier r\u00e9gl\u00e9 mais il existe bel et bien encore un foss\u00e9, un plafond de verre ou appelez \u00e7a comme vous voulez mais il y a encore aujourd\u2019hui quelque chose de pas r\u00e9gl\u00e9, quelque chose de vieux jeu, de poussi\u00e9reux, d\u2019archa\u00efque dans cette fa\u00e7on de voir les postes de d\u00e9cision. Il faut avoir un sacr\u00e9 caract\u00e8re et une carapace tr\u00e8s \u00e9paisse pour s\u2019attaquer \u00e0 ces positions strat\u00e9giques en tant que femme. Et ces nouvelles nomm\u00e9es ont toute ma reconnaissance, mon appui et ma compassion et chose certaine, je montrai au front pour d\u00e9fendre leur place tant que ce sera n\u00e9cessaire. Je n\u2019ai peut-\u00eatre pas l\u2019ambition de m\u2019asseoir un jour sur un si\u00e8ge au \u00e0 la Chambre des communes mais j\u2019ai l\u2019ambition et l\u2019espoir de participer \u00e0 la reconnaissance officielle de la place des femmes \u00e0 la t\u00eate d\u2019entreprises, sur les CA et au sein de notre \u00e9quipes dirigeantes, provinciale et f\u00e9d\u00e9rale.<\/p>\n<p>Mesdames\u00a0: merci de tracer la voie!<\/p>\n<p>\u00a0<\/p>\n<p>Photo : Unsplash | Brian Mann<\/p>\n","protected":false},"excerpt":{"rendered":"<p>Hier se d\u00e9roulait l\u2019annonce du nouveau Conseil des ministres qui se veut paritaire et diversifi\u00e9, comme le qualifie Radio-Canada. J\u2019ai&hellip;<\/p>\n","protected":false},"author":1,"featured_media":504,"comment_status":"open","ping_status":"open","sticky":false,"template":"","format":"standard","meta":{"footnotes":""},"categories":[6],"tags":[],"class_list":["post-503","post","type-post","status-publish","format-standard","has-post-thumbnail","hentry","category-societe"],"_links":{"self":[{"href":"https:\/\/mestrouvailles.ca\/index.php\/wp-json\/wp\/v2\/posts\/503","targetHints":{"allow":["GET"]}}],"collection":[{"href":"https:\/\/mestrouvailles.ca\/index.php\/wp-json\/wp\/v2\/posts"}],"about":[{"href":"https:\/\/mestrouvailles.ca\/index.php\/wp-json\/wp\/v2\/types\/post"}],"author":[{"embeddable":true,"href":"https:\/\/mestrouvailles.ca\/index.php\/wp-json\/wp\/v2\/users\/1"}],"replies":[{"embeddable":true,"href":"https:\/\/mestrouvailles.ca\/index.php\/wp-json\/wp\/v2\/comments?post=503"}],"version-history":[{"count":1,"href":"https:\/\/mestrouvailles.ca\/index.php\/wp-json\/wp\/v2\/posts\/503\/revisions"}],"predecessor-version":[{"id":505,"href":"https:\/\/mestrouvailles.ca\/index.php\/wp-json\/wp\/v2\/posts\/503\/revisions\/505"}],"wp:featuredmedia":[{"embeddable":true,"href":"https:\/\/mestrouvailles.ca\/index.php\/wp-json\/wp\/v2\/media\/504"}],"wp:attachment":[{"href":"https:\/\/mestrouvailles.ca\/index.php\/wp-json\/wp\/v2\/media?parent=503"}],"wp:term":[{"taxonomy":"category","embeddable":true,"href":"https:\/\/mestrouvailles.ca\/index.php\/wp-json\/wp\/v2\/categories?post=503"},{"taxonomy":"post_tag","embeddable":true,"href":"https:\/\/mestrouvailles.ca\/index.php\/wp-json\/wp\/v2\/tags?post=503"}],"curies":[{"name":"wp","href":"https:\/\/api.w.org\/{rel}","templated":true}]}}