{"id":619,"date":"2015-12-16T09:02:27","date_gmt":"2015-12-16T13:02:27","guid":{"rendered":"http:\/\/mestrouvailles.ca\/?p=619"},"modified":"2015-12-16T09:02:27","modified_gmt":"2015-12-16T13:02:27","slug":"la-gratitude-un-gage-de-bonheur-interieur","status":"publish","type":"post","link":"https:\/\/mestrouvailles.ca\/index.php\/2015\/12\/16\/la-gratitude-un-gage-de-bonheur-interieur\/","title":{"rendered":"La gratitude : un gage de bonheur int\u00e9rieur"},"content":{"rendered":"<p>Gratitude\u2026 Un\u00a0 mot qu\u2019on devrait avoir beaucoup plus souvent \u00e0 l\u2019esprit. Une marque de reconnaissance envers la vie, les gens et tout ce qui nous entoure. C\u2019est aussi un \u00e9tat d\u2019esprit et une attitude qui am\u00e8ne une paix int\u00e9rieure et un sentiment de bonheur. Quand on reconna\u00eet ce qui est, quand on ressent de l\u2019int\u00e9rieur la vie qui nous entoure, nous comble et nous nourrit, notre esprit est empreint de calme.<\/p>\n<p>La gratitude manque \u00e0 notre soci\u00e9t\u00e9. \u00c7a ne co\u00fbte pourtant rien mais beaucoup de gens pr\u00e9f\u00e8rent se complaire dans l\u2019arrogance, la violence et l\u2019\u00e9go\u00efsme plut\u00f4t que d\u2019appr\u00e9cier de qui est. Toutes ces guerres et ces conflits seraient sans doute moins virulents si au lieu d\u2019\u00eatre dans un esprit de comp\u00e9tition, la plan\u00e8te visait la communion, l\u2019\u00e9galit\u00e9 et le partage. Je me d\u00e9sole de voir tant de gens mourir pour des causes compl\u00e8tement aberrantes. La souffrance est proportionnelle au niveau d\u2019incompr\u00e9hension de l\u2019autre, malheureusement.<\/p>\n<p>Hier, en arrivant chez-moi, j\u2019avais, sur mon \u00eelot de cuisine, un joli cadeau de la part de ma femme de m\u00e9nage. J\u2019ai trouv\u00e9 ce geste vraiment g\u00e9n\u00e9reux et automatiquement, tous les soucis de la journ\u00e9e sont disparus. Je n\u2019ai pas eu besoin d\u2019un voyage dans le sud, d\u2019un nouveau v\u00e9hicule ou quoi que ce soit de majeur. En fait, c\u2019est le geste qui compte. Et le fait qu\u2019elle ait pens\u00e9 \u00e0 m\u2019offrir un pr\u00e9sent me touche beaucoup. Je la connais depuis peu, elle fait un excellent travail et j\u2019appr\u00e9cie qu\u2019elle prenne soin de ma maison comme si c\u2019\u00e9tait la sienne.<\/p>\n<p>\u00c7a m\u2019a fait r\u00e9fl\u00e9chir sur mes valeurs et sur le fait que je ne suis pas toujours align\u00e9e avec celles-ci. Je cours beaucoup dans une journ\u00e9e, mes coll\u00e8gues peuvent en t\u00e9moigner. Je m\u2019investis \u00e0 fond dans mes mandats car, \u00e0 mes yeux, livrer un service de qualit\u00e9 est primordial pour que ma r\u00e9putation refl\u00e8te ma personnalit\u00e9. Mon travail occupe une grande place dans ma vie, peut-\u00eatre trop imposante, mais il me satisfait beaucoup. Par contre, trouver le temps de voir mes amis et ma famille est parfois ardu quand, rendu au samedi matin, je n\u2019ai qu\u2019une envie, c\u2019est de fl\u00e2ner au lit.<\/p>\n<p>Cette ann\u00e9e, j\u2019ai d\u00e9cid\u00e9 d\u2019aller voir ma famille dans mon patelin d\u2019origine afin de m\u2019impr\u00e9gner de cet esprit festif, jovial et surtout chaleureux. La famille change et \u00e9volue mais je sais que j\u2019y suis toujours bien et \u00e0 ma place et ce sentiment est primordial. On peut fr\u00e9quenter des milliers de gens dans une ann\u00e9e mais la chaleur que procure le cocon familial a une valeur inestimable.<\/p>\n<p>J\u2019ai envie de ces sourires sinc\u00e8res, de ces blagues et taquineries dont ma famille est championne, de savourer ces moments qui viennent toucher directement le c\u0153ur et de faire une r\u00e9serve de bonheur pour les mois d\u2019hiver \u00e0 venir. J\u2019ai envie de sentir l\u2019air pur du nord et les \u00e9toiles dans le ciel sombre.<\/p>\n<p>Et je me dis que j\u2019ai la chance de pouvoir visiter ma famille qui n\u2019est qu\u2019\u00e0 quelques heures de route alors que tant de gens en ont \u00e9t\u00e9 s\u00e9par\u00e9e ou ont d\u00fb la laisser derri\u00e8re eux, comme ces syriens qui nous rejoignent, mitig\u00e9s entre la paix que leur procure notre pays et la tristesse de devoir repartir \u00e0 z\u00e9ro.<\/p>\n<p>Gratitude\u2026<\/p>\n<p>&nbsp;<\/p>\n<p>Photo : Unsplash |\u00a0Mr. Marco<\/p>\n","protected":false},"excerpt":{"rendered":"<p>Gratitude\u2026 Un\u00a0 mot qu\u2019on devrait avoir beaucoup plus souvent \u00e0 l\u2019esprit. Une marque de reconnaissance envers la vie, les gens&hellip;<\/p>\n","protected":false},"author":1,"featured_media":620,"comment_status":"open","ping_status":"open","sticky":false,"template":"","format":"standard","meta":{"footnotes":""},"categories":[117],"tags":[136],"class_list":["post-619","post","type-post","status-publish","format-standard","has-post-thumbnail","hentry","category-reflexion","tag-gratitude"],"_links":{"self":[{"href":"https:\/\/mestrouvailles.ca\/index.php\/wp-json\/wp\/v2\/posts\/619","targetHints":{"allow":["GET"]}}],"collection":[{"href":"https:\/\/mestrouvailles.ca\/index.php\/wp-json\/wp\/v2\/posts"}],"about":[{"href":"https:\/\/mestrouvailles.ca\/index.php\/wp-json\/wp\/v2\/types\/post"}],"author":[{"embeddable":true,"href":"https:\/\/mestrouvailles.ca\/index.php\/wp-json\/wp\/v2\/users\/1"}],"replies":[{"embeddable":true,"href":"https:\/\/mestrouvailles.ca\/index.php\/wp-json\/wp\/v2\/comments?post=619"}],"version-history":[{"count":1,"href":"https:\/\/mestrouvailles.ca\/index.php\/wp-json\/wp\/v2\/posts\/619\/revisions"}],"predecessor-version":[{"id":621,"href":"https:\/\/mestrouvailles.ca\/index.php\/wp-json\/wp\/v2\/posts\/619\/revisions\/621"}],"wp:featuredmedia":[{"embeddable":true,"href":"https:\/\/mestrouvailles.ca\/index.php\/wp-json\/wp\/v2\/media\/620"}],"wp:attachment":[{"href":"https:\/\/mestrouvailles.ca\/index.php\/wp-json\/wp\/v2\/media?parent=619"}],"wp:term":[{"taxonomy":"category","embeddable":true,"href":"https:\/\/mestrouvailles.ca\/index.php\/wp-json\/wp\/v2\/categories?post=619"},{"taxonomy":"post_tag","embeddable":true,"href":"https:\/\/mestrouvailles.ca\/index.php\/wp-json\/wp\/v2\/tags?post=619"}],"curies":[{"name":"wp","href":"https:\/\/api.w.org\/{rel}","templated":true}]}}