{"id":660,"date":"2016-01-11T08:59:43","date_gmt":"2016-01-11T12:59:43","guid":{"rendered":"http:\/\/mestrouvailles.ca\/?p=660"},"modified":"2016-01-11T08:59:43","modified_gmt":"2016-01-11T12:59:43","slug":"quand-nos-jeunes-souffrent-en-silence","status":"publish","type":"post","link":"https:\/\/mestrouvailles.ca\/index.php\/2016\/01\/11\/quand-nos-jeunes-souffrent-en-silence\/","title":{"rendered":"Quand nos jeunes souffrent en silence&#8230;"},"content":{"rendered":"<p>Ce matin, j\u2019ai \u00e9prouv\u00e9 beaucoup de tristesse en lisant les nouvelles, sagement assise dans le m\u00e9tro. Bon, \u00e9videmment le d\u00e9c\u00e8s de David Bowie m\u2019a profond\u00e9ment attrist\u00e9 car j\u2019ai toujours aim\u00e9 cet artiste au talent indiscutable et \u00e0 la folie cr\u00e9ative l\u00e9gendaire. Mais ce qui m\u2019a touch\u00e9e droit au c\u0153ur, c\u2019est de lire le dossier sur l\u2019anxi\u00e9t\u00e9 au C\u00c9GEP qui fait des ravages. \u00c9tant moi-m\u00eame une personne souffrant de ce mal sournois, je peux fort bien imaginer que ces jeunes adultes puissent vivre une d\u00e9tresse hors du commun, et ce, en silence. Car on va se le dire, on ne s&rsquo;en vante pas quand on est rong\u00e9 de l&rsquo;int\u00e9rieur et qu&rsquo;on perd le contr\u00f4le sur soi-m\u00eame.<\/p>\n<p>Passer du secondaire au niveau coll\u00e9gial, d\u2019un endroit o\u00f9 l\u2019on te tient presque par la main \u00e0 un environnement o\u00f9 tout \u00e0 coup tu es responsable de tout, \u00e7a peut \u00eatre tr\u00e8s anxiog\u00e8ne pour les c\u00e9g\u00e9piens. Est-ce le r\u00e9sultat de la r\u00e9forme qui n\u2019a jamais vraiment donn\u00e9 les r\u00e9sultats escompt\u00e9s et qui, \u00e0 force de trop vouloir faire r\u00e9ussir les \u00e9l\u00e8ves et de changer les m\u00e9thodes d\u2019\u00e9valuation, a fini par les laisser \u00e0 eux-m\u00eames sans les ressources n\u00e9cessaires pour y parvenir?<\/p>\n<p>Les expos\u00e9s oraux sont souvent une source de stress chez les \u00e9tudiants mais \u00e0 une \u00e9poque o\u00f9 tout peut finir sur Facebook en moins de deux, o\u00f9 l\u2019intimidation est monnaie courante, o\u00f9 les jeunes sont nombreux \u00e0 travailler pr\u00e8s de 20 heures par semaine pour payer leurs \u00e9tudes et leurs d\u00e9penses, on peut se demander si on n\u2019est pas en train de cr\u00e9er une g\u00e9n\u00e9ration qui a perdu le nord. On parle de plus en plus de trouble d\u2019apprentissage, de TDAH, de trouble anxieux et de toute sorte de syndromes et de malaises chez les enfants mais a-t-on vraiment mesur\u00e9 les cons\u00e9quences et les sources de tout ce chamboulement?<\/p>\n<p>Quand je lis qu\u2019entre 2007 et 2013, le nombre d\u2019\u00e9l\u00e8ves en situation de handicap a augment\u00e9 de 770%, je me pose de s\u00e9rieuses questions. Et quand on parle de handicap, c\u2019est majoritairement des troubles d\u2019apprentissage, de sant\u00e9 mentale et de d\u00e9ficit de l\u2019attention. C\u2019est ce que je consid\u00e8re comme un probl\u00e8me majeur. On a retir\u00e9 des \u00e9coles psychologues et infirmi\u00e8res et les enseignants se retrouvent en premi\u00e8re ligne pour g\u00e9rer ces cas de plus en plus nombreux sans avoir la formation requise pour le faire. Comme on dit, ils font de leur mieux mais ils n\u2019ont jamais re\u00e7u les outils n\u00e9cessaires pour prendre le relais.<\/p>\n<p>Qu\u2019adviendra-t-il de ces jeunes une fois sur le march\u00e9 du travail? Combien d\u2019entre eux abandonneront l\u2019\u00e9cole car le stress les emp\u00eachera d\u2019aller au bout? La soci\u00e9t\u00e9 ne devra-t-elle pas compenser ce d\u00e9rapage collectif autrement? Quand on d\u00e9cide que nos jeunes sont moins importants, c\u2019est une fois adulte qu\u2019ils finissent par avoir besoin de soutien et on paye de toute fa\u00e7on. Alors honn\u00eatement, les coupes dans le milieu scolaire, c\u2019est de la poudre aux yeux. On enl\u00e8ve du budget de l\u2019\u00e9ducation pour embourber le syst\u00e8me de sant\u00e9, l\u2019aide sociale et les organismes d\u2019entraide, qui eux aussi se font serrer la ceinture.<\/p>\n<p>Est-ce vraiment l\u00e0 qu\u2019on est rendu? \u00c0 sacrifier nos jeunes pour que le budget soit mieux \u00e9quilibr\u00e9? Pour moi, \u00e7a ne fait aucun sens. L\u2019anxi\u00e9t\u00e9 que ces \u00e9tudiants vivent aujourd\u2019hui les suivra toute leur vie. Ce n\u2019est pas passager, \u00e7a s\u2019immisce au plus profond de la personne pour refaire surface quand on ne s\u2019y attend pas. Quand ils craqueront au bureau sous la pression lorsqu\u2019un <em>deadline<\/em> approchera, lorsqu\u2019ils seront en arr\u00eat de travail et que la soci\u00e9t\u00e9 leur payera du ch\u00f4mage\u2026 On se trouvera bien insouciants de ne pas leur avoir donn\u00e9 les outils et le support n\u00e9cessaire lorsqu\u2019ils apprenaient ce que c\u2019\u00e9tait que de passer \u00e0 l\u2019\u00e2ge adulte. Les parents font leur part mais leur milieu de vie, c\u2019est l\u2019\u00e9cole, le C\u00c9GEP, l\u2019universit\u00e9. \u00c7a serait franchement souhaitable qu\u2019il y ait un\u00a0accompagnement\u00a0et une sensibilisation pour \u00e9viter des soucis qui entraveront toute leur vie. L&rsquo;\u00e9cole ce n&rsquo;est pas seulement une mati\u00e8re \u00e0 assimiler, un examen \u00e0 passer et un programme \u00e0 terminer.<\/p>\n<p>Je nous souhaite que plus de projets pilotes voient le jour pour outiller le personnel scolaire et que le gouvernement s\u2019ouvre les yeux sur cet enjeu important et qu&rsquo;il investisse dans les programmes d\u2019aide et d\u2019intervention. Ce sont ces adultes \u00e9mergents qui constituent l\u2019avenir, c\u2019est \u00e0 nous d\u2019en prendre soin.<\/p>\n<p>&nbsp;<\/p>\n<p>Photo : Unsplash |\u00a0Carlos Martinez<\/p>\n","protected":false},"excerpt":{"rendered":"<p>Ce matin, j\u2019ai \u00e9prouv\u00e9 beaucoup de tristesse en lisant les nouvelles, sagement assise dans le m\u00e9tro. Bon, \u00e9videmment le d\u00e9c\u00e8s&hellip;<\/p>\n","protected":false},"author":1,"featured_media":661,"comment_status":"open","ping_status":"open","sticky":false,"template":"","format":"standard","meta":{"footnotes":""},"categories":[6],"tags":[],"class_list":["post-660","post","type-post","status-publish","format-standard","has-post-thumbnail","hentry","category-societe"],"_links":{"self":[{"href":"https:\/\/mestrouvailles.ca\/index.php\/wp-json\/wp\/v2\/posts\/660","targetHints":{"allow":["GET"]}}],"collection":[{"href":"https:\/\/mestrouvailles.ca\/index.php\/wp-json\/wp\/v2\/posts"}],"about":[{"href":"https:\/\/mestrouvailles.ca\/index.php\/wp-json\/wp\/v2\/types\/post"}],"author":[{"embeddable":true,"href":"https:\/\/mestrouvailles.ca\/index.php\/wp-json\/wp\/v2\/users\/1"}],"replies":[{"embeddable":true,"href":"https:\/\/mestrouvailles.ca\/index.php\/wp-json\/wp\/v2\/comments?post=660"}],"version-history":[{"count":1,"href":"https:\/\/mestrouvailles.ca\/index.php\/wp-json\/wp\/v2\/posts\/660\/revisions"}],"predecessor-version":[{"id":662,"href":"https:\/\/mestrouvailles.ca\/index.php\/wp-json\/wp\/v2\/posts\/660\/revisions\/662"}],"wp:featuredmedia":[{"embeddable":true,"href":"https:\/\/mestrouvailles.ca\/index.php\/wp-json\/wp\/v2\/media\/661"}],"wp:attachment":[{"href":"https:\/\/mestrouvailles.ca\/index.php\/wp-json\/wp\/v2\/media?parent=660"}],"wp:term":[{"taxonomy":"category","embeddable":true,"href":"https:\/\/mestrouvailles.ca\/index.php\/wp-json\/wp\/v2\/categories?post=660"},{"taxonomy":"post_tag","embeddable":true,"href":"https:\/\/mestrouvailles.ca\/index.php\/wp-json\/wp\/v2\/tags?post=660"}],"curies":[{"name":"wp","href":"https:\/\/api.w.org\/{rel}","templated":true}]}}