{"id":728,"date":"2016-01-27T08:56:09","date_gmt":"2016-01-27T12:56:09","guid":{"rendered":"http:\/\/mestrouvailles.ca\/?p=728"},"modified":"2016-01-27T08:56:09","modified_gmt":"2016-01-27T12:56:09","slug":"aujourdhui-on-cause-pour-la-cause","status":"publish","type":"post","link":"https:\/\/mestrouvailles.ca\/index.php\/2016\/01\/27\/aujourdhui-on-cause-pour-la-cause\/","title":{"rendered":"Aujourd&rsquo;hui, on cause pour la cause!"},"content":{"rendered":"<p>Faire tomber les barri\u00e8res et les pr\u00e9jug\u00e9s entourant la sant\u00e9 mentale, voil\u00e0 la mission que s\u2019est donn\u00e9 Bell par la campagne Bell Cause pour la cause. En ce 27 janvier 2016, on vous invite \u00e0 envoyer des sms, \u00e0 tweeter et \u00e0 partager l\u2019image Facebook relative \u00e0 la campagne pour agir, \u00e0 votre fa\u00e7on.<\/p>\n<p>Bell versera 5 cents \u00e0 des programmes en sant\u00e9 mentale pour chaque retweet du mot-clic #BellCause, peu importe votre fournisseur, de m\u00eame que pour l\u2019image Facebook. Pour les abonn\u00e9s de Bell, un message texte ou un appel mobile fournira le m\u00eame r\u00e9sultat. Alors aucune raison valable pour ne pas \u00eatre de la partie!<\/p>\n<p>Honn\u00eatement, cette cause me tient \u00e0 c\u0153ur et j\u2019appuie totalement l\u2019initiative car on a tous, un jour, personnellement ou dans notre entourage, v\u00e9cu les impacts de la maladie mentale. Que ce soit un \u00e9v\u00e9nement dans notre vie ou les difficult\u00e9s d\u2019un parent ou d\u2019un ami, l\u2019onde de choc peut faire des ravages immenses et de stigmatiser les gens qui vivent ces moments durs n\u2019aide en rien. Comprendre, accepter et \u00eatre pr\u00e9sent, voil\u00e0 qui devrait \u00eatre notre mode de pens\u00e9e quand une personne souffre. L\u2019isolement a pour effet d\u2019amplifier les sympt\u00f4mes et les pr\u00e9jug\u00e9s naissent de la m\u00e9connaissance du sujet.<\/p>\n<p>C\u2019est en en parlant et en prenant conscience que personne n\u2019est \u00e0 l\u2019abri que nous pourrons, collectivement, faire en sorte que les malchanceux qui voient leur num\u00e9ro sortir \u00e0 la loterie du mal-\u00eatre auront les outils et le support n\u00e9cessaires pour affronter la b\u00eate et remonter la pente.<\/p>\n<p>Selon l\u2019Institut de recherche en sant\u00e9 du Canada, 1 canadien sur 5 sera touch\u00e9 par la maladie mentale au cours de sa vie. C\u2019est 20% de la population \u00e7a\u2026 Donc au minimum 1 membre de votre entourage. Alors ne faites pas comme si \u00e7a n\u2019existait pas ou que \u00e7a arrivait seulement aux autres. C\u2019est beaucoup plus pr\u00e8s de vous que vous ne le croyez. C\u2019est d\u2019ailleurs une grande cause d\u2019absent\u00e9isme au travail et en tant qu\u2019employeur, je crois qu\u2019il est primordial d\u2019\u00eatre \u00e0 l\u2019aff\u00fbt des signes et surtout d\u2019\u00eatre compr\u00e9hensif. On peut lire sur le site de la Commission de la sant\u00e9 mentale du Canada que plus de 30% des r\u00e9clamations de cong\u00e9 de maladie et 70% des co\u00fbts associ\u00e9s \u00e0 celles-ci sont attribuables \u00e0 la maladie mentale.<\/p>\n<p>Aujourd\u2019hui, je vous demande d\u2019agir, de mettre vos id\u00e9es pr\u00e9con\u00e7ues de c\u00f4t\u00e9 et de partager mais aussi d\u2019ouvrir votre c\u0153ur aux gens qui pourraient, potentiellement, \u00eatre en p\u00e9riode difficile et voir se pointer \u00e0 l\u2019horizon une maladie mentale. Soyez judicieux et prenez quelques minutes de votre temps pour vous pr\u00e9occuper des autres. Parfois, un simple \u00ab\u00a0comment \u00e7a va?\u00a0\u00bb peut changer le cours de la journ\u00e9e d\u2019une personne dans le besoin. On ne demande \u00e0 personne d\u2019\u00eatre un pilier, un fin connaisseur\u2026 En tant que soci\u00e9t\u00e9, c\u2019est de notre responsabilit\u00e9 d\u2019aider ceux qui n\u2019arrivent parfois plus \u00e0 s\u2019aider eux-m\u00eames. Car demain, \u00e7a pourrait \u00eatre votre m\u00e8re, votre s\u0153ur, votre ami ou vous-m\u00eame. Et vous serez tr\u00e8s heureux \u00e0 ce moment-l\u00e0 de savoir qu\u2019il y a un tissu social pr\u00eat \u00e0 se relever les manches pour que vous, vous puissiez vous relever.<\/p>\n<p>Merci \u00e0 l\u2019avance de votre participation!<\/p>\n","protected":false},"excerpt":{"rendered":"<p>Faire tomber les barri\u00e8res et les pr\u00e9jug\u00e9s entourant la sant\u00e9 mentale, voil\u00e0 la mission que s\u2019est donn\u00e9 Bell par la&hellip;<\/p>\n","protected":false},"author":1,"featured_media":729,"comment_status":"open","ping_status":"open","sticky":false,"template":"","format":"standard","meta":{"footnotes":""},"categories":[6],"tags":[139],"class_list":["post-728","post","type-post","status-publish","format-standard","has-post-thumbnail","hentry","category-societe","tag-bell-cause-pour-la-cause"],"_links":{"self":[{"href":"https:\/\/mestrouvailles.ca\/index.php\/wp-json\/wp\/v2\/posts\/728","targetHints":{"allow":["GET"]}}],"collection":[{"href":"https:\/\/mestrouvailles.ca\/index.php\/wp-json\/wp\/v2\/posts"}],"about":[{"href":"https:\/\/mestrouvailles.ca\/index.php\/wp-json\/wp\/v2\/types\/post"}],"author":[{"embeddable":true,"href":"https:\/\/mestrouvailles.ca\/index.php\/wp-json\/wp\/v2\/users\/1"}],"replies":[{"embeddable":true,"href":"https:\/\/mestrouvailles.ca\/index.php\/wp-json\/wp\/v2\/comments?post=728"}],"version-history":[{"count":1,"href":"https:\/\/mestrouvailles.ca\/index.php\/wp-json\/wp\/v2\/posts\/728\/revisions"}],"predecessor-version":[{"id":730,"href":"https:\/\/mestrouvailles.ca\/index.php\/wp-json\/wp\/v2\/posts\/728\/revisions\/730"}],"wp:featuredmedia":[{"embeddable":true,"href":"https:\/\/mestrouvailles.ca\/index.php\/wp-json\/wp\/v2\/media\/729"}],"wp:attachment":[{"href":"https:\/\/mestrouvailles.ca\/index.php\/wp-json\/wp\/v2\/media?parent=728"}],"wp:term":[{"taxonomy":"category","embeddable":true,"href":"https:\/\/mestrouvailles.ca\/index.php\/wp-json\/wp\/v2\/categories?post=728"},{"taxonomy":"post_tag","embeddable":true,"href":"https:\/\/mestrouvailles.ca\/index.php\/wp-json\/wp\/v2\/tags?post=728"}],"curies":[{"name":"wp","href":"https:\/\/api.w.org\/{rel}","templated":true}]}}