{"id":799,"date":"2016-02-23T09:07:49","date_gmt":"2016-02-23T13:07:49","guid":{"rendered":"http:\/\/mestrouvailles.ca\/?p=799"},"modified":"2016-02-25T14:48:41","modified_gmt":"2016-02-25T18:48:41","slug":"voir-la-ville-se-lever","status":"publish","type":"post","link":"https:\/\/mestrouvailles.ca\/index.php\/2016\/02\/23\/voir-la-ville-se-lever\/","title":{"rendered":"Voir la ville se lever&#8230;"},"content":{"rendered":"<p>Ce matin, en arrivant au bureau, je regardais le soleil frapper de ses rayons les immeubles du centre-ville, de cette ville encore pas tout \u00e0 fait \u00e9veill\u00e9e. La l\u00e9g\u00e8re brume de mer qui se forme sur le fleuve et se d\u00e9place lentement ajoutait un brin de calme dans ce d\u00e9cor un peu gris. J\u2019aime les matins, j\u2019aime cette lenteur, ce d\u00e9but de journ\u00e9e avant que tout se bouscule, tout s\u2019agite. Mon esprit est plus clair \u00e0 cette heure, mes id\u00e9es plus nettes et l\u2019inspiration plus pr\u00e9sente.<\/p>\n<p>Pouvoir d\u00e9buter une journ\u00e9e avant que tout le monde se presse autour de moi, avant que la masse de coll\u00e8gues soit arriv\u00e9e et s\u2019affaire \u00e0 faire avancer les projets, \u00e7a me permet de me poser et de d\u00e9marrer plus sereinement ma journ\u00e9e de boulot. On a chacun son style et je respecte ceux qui pr\u00e9f\u00e8rent dormir le matin. Comme on dit, \u00e7a prend de tout pour faire un monde. Les matinaux, les l\u00e8ve-tard, les oiseaux de nuit comme les petites b\u00eates du matin. \u00c7a cr\u00e9e un certain \u00e9quilibre d\u2019avoir de tout pour composer le tableau de la vie.<\/p>\n<p>Il y a des moments o\u00f9 je ne suis pas en mesure d\u2019appr\u00e9cier cette douceur matinale, o\u00f9 mon esprit est plus embrouill\u00e9, absorb\u00e9 par des pr\u00e9occupations plus ou moins importantes. Et je crois que c\u2019est important de prendre le temps de savourer ces petits bonheurs quand la t\u00eate est dispos\u00e9e \u00e0 le faire. \u00c7a permet d\u2019affronter les temp\u00eates, les coups durs, les d\u00e9ceptions et remises en question. \u00c7a sert de rep\u00e8re pour se souvenir que ce n\u2019est pas toujours le chaos et que parfois, on est bien, on se sent ancr\u00e9 et pr\u00eat \u00e0 relever de nouveaux d\u00e9fis.<\/p>\n<p>Je n\u2019ai jamais \u00e9t\u00e9 une grande amoureuse de l\u2019hiver. Frileuse et fervente amoureuse du soleil et de sa chaleur, je n\u2019ai rien pour appr\u00e9cier la saison froide. Mais le seul volet int\u00e9ressant est que \u00e7a oblige parfois \u00e0 ralentir, \u00e0 rester \u00e0 l\u2019int\u00e9rieur et regarder ce qui se passe autour sans se sentir coupable de ne pas profiter du beau temps. Car le soleil, je l\u2019adore, mais \u00e0 -40, je l\u2019aime du dedans de ma maison \ud83d\ude42<\/p>\n<p>Bref, tout cela pour dire que ce matin, je suis pleine de gratitude pour la vie, sans combat et sans grande peur, qui m\u2019entoure. On vit paisiblement dans notre coin du monde, on n\u2019a pas d\u2019ouragan qui bouscule notre univers, ni de bombe qui menace de nous exploser en plein visage. On a des saisons bien d\u00e9finies qui nous forcent \u00e0 nous adapter et nous oblige \u00e0 appr\u00e9cier ce qu\u2019on a. On pourrait toujours avoir mieux mais surtout, on pourrait avoir bien pire\u2026<\/p>\n<p>Je pense \u00e0 la pollution ultra pr\u00e9sente dans certains coins de pays o\u00f9 le masque protecteur est de mise, \u00e0 d\u2019autres lieux o\u00f9 la famine et les maladies mortelles font rage, \u00e0 des endroits o\u00f9 \u00eatre une femme est en soit un probl\u00e8me, o\u00f9 parler sa langue est un d\u00e9fi constant, o\u00f9 vivre en s\u00e9curit\u00e9 est presque impossible.<\/p>\n<p>Quand je pense \u00e0 tout cela, je regarde ma vie et je la remercie d\u2019\u00eatre ce qu\u2019elle est, de m\u2019apporter toutes ces possibilit\u00e9s, ces rencontres et ce niveau de vie. Oui, il y a des matins o\u00f9 je ne suis pas totalement heureuse, o\u00f9 je bougonne, o\u00f9 j\u2019ai envie de rester sous la couette\u2026 Mais il y a aussi des matins comme aujourd\u2019hui o\u00f9 le simple reflet du soleil sur les immeubles du centre-ville me comble. C\u2019est quand m\u00eame beau la vie, non?<\/p>\n<p>&nbsp;<\/p>\n<p>Photo : Unsplash |\u00a0Maxim Polishtchouk<\/p>\n","protected":false},"excerpt":{"rendered":"<p>Ce matin, en arrivant au bureau, je regardais le soleil frapper de ses rayons les immeubles du centre-ville, de cette&hellip;<\/p>\n","protected":false},"author":1,"featured_media":800,"comment_status":"open","ping_status":"open","sticky":false,"template":"","format":"standard","meta":{"footnotes":""},"categories":[117],"tags":[],"class_list":["post-799","post","type-post","status-publish","format-standard","has-post-thumbnail","hentry","category-reflexion"],"_links":{"self":[{"href":"https:\/\/mestrouvailles.ca\/index.php\/wp-json\/wp\/v2\/posts\/799","targetHints":{"allow":["GET"]}}],"collection":[{"href":"https:\/\/mestrouvailles.ca\/index.php\/wp-json\/wp\/v2\/posts"}],"about":[{"href":"https:\/\/mestrouvailles.ca\/index.php\/wp-json\/wp\/v2\/types\/post"}],"author":[{"embeddable":true,"href":"https:\/\/mestrouvailles.ca\/index.php\/wp-json\/wp\/v2\/users\/1"}],"replies":[{"embeddable":true,"href":"https:\/\/mestrouvailles.ca\/index.php\/wp-json\/wp\/v2\/comments?post=799"}],"version-history":[{"count":2,"href":"https:\/\/mestrouvailles.ca\/index.php\/wp-json\/wp\/v2\/posts\/799\/revisions"}],"predecessor-version":[{"id":806,"href":"https:\/\/mestrouvailles.ca\/index.php\/wp-json\/wp\/v2\/posts\/799\/revisions\/806"}],"wp:featuredmedia":[{"embeddable":true,"href":"https:\/\/mestrouvailles.ca\/index.php\/wp-json\/wp\/v2\/media\/800"}],"wp:attachment":[{"href":"https:\/\/mestrouvailles.ca\/index.php\/wp-json\/wp\/v2\/media?parent=799"}],"wp:term":[{"taxonomy":"category","embeddable":true,"href":"https:\/\/mestrouvailles.ca\/index.php\/wp-json\/wp\/v2\/categories?post=799"},{"taxonomy":"post_tag","embeddable":true,"href":"https:\/\/mestrouvailles.ca\/index.php\/wp-json\/wp\/v2\/tags?post=799"}],"curies":[{"name":"wp","href":"https:\/\/api.w.org\/{rel}","templated":true}]}}