{"id":830,"date":"2016-03-09T08:50:47","date_gmt":"2016-03-09T12:50:47","guid":{"rendered":"http:\/\/mestrouvailles.ca\/?p=830"},"modified":"2016-03-09T08:50:47","modified_gmt":"2016-03-09T12:50:47","slug":"soyons-solidaires-fraternels-et-inclusifs","status":"publish","type":"post","link":"https:\/\/mestrouvailles.ca\/index.php\/2016\/03\/09\/soyons-solidaires-fraternels-et-inclusifs\/","title":{"rendered":"Soyons solidaires, fraternels et inclusifs"},"content":{"rendered":"<p>Hier, j\u2019ai pris le temps de lire, d\u2019observer et d\u2019analyser rapidement ce qui se disait ou se pensait au sujet de la Journ\u00e9e internationale des femmes. Et je suis tomb\u00e9e des nues quand j\u2019ai lu un article (que volontairement je ne mettrai pas en r\u00e9f\u00e9rence ici pour ne pas lui donner de la visibilit\u00e9) qui se questionnait sur la pertinence de cette journ\u00e9e, sur le fait qu\u2019on met beaucoup trop d\u2019emphase sur la condition f\u00e9minine\u2026<\/p>\n<p>Je l\u2019ai relu une seconde fois pour m\u2019assurer que mon cerveau n\u2019avait pas eu une l\u00e9g\u00e8re attaque faisant de mes yeux de mauvais lecteurs. Malheureusement non\u2026 c\u2019\u00e9tait bien \u00e9crit noir sur blanc\u2026 Et la premi\u00e8re question qui m\u2019est venue en t\u00eate c\u2019est\u00a0: veux-tu bien me dire comment quelqu\u2019un peut \u00e9crire pareilles sottises?<\/p>\n<p>Parce que, excusez-moi pour la mont\u00e9e de lait matinale, mais il faut quand m\u00eame avoir du culot pour \u00e9crire ce type d\u2019article provocateur et sans fondement le 8 mars\u2026 Il y en a qui aime avoir de l\u2019attention et qui irait jusqu\u2019\u00e0 vendre leur m\u00e8re pour qu\u2019on parle d\u2019eux\u2026 D\u2019o\u00f9 la raison que je ne mets pas de r\u00e9f\u00e9rence, chose que je fais religieusement en temps normal. Sauf qu\u2019ici, \u00e7a serait d\u2019entrer dans son jeu et c\u2019est la derni\u00e8re chose que je d\u00e9sire faire.<\/p>\n<p>Je ne peux toutefois pas demeurer silencieuse face \u00e0 un tel affront car \u00e0 tous les jours je vois des situations d\u2019injustice face aux femmes et \u00e7a me r\u00e9pugne. Alors oui cette journ\u00e9e est importante pour rappeler le chemin qu\u2019il reste \u00e0 parcourir, oui les femmes subissent encore de l\u2019intimidation, des in\u00e9galit\u00e9s et de la violence juste parce qu\u2019elles sont des femmes. Encore ce matin j\u2019entendais \u00e0 la radio que des femmes se sont fait sortir d\u2019un chantier uniquement parce ce sont des femmes. Bravo au contrema\u00eetre, en passant, qui a pris cette d\u00e9cision. Vous prouvez sans aucun doute qu\u2019il faut encore aujourd\u2019hui faire valoir les droits des femmes.<\/p>\n<p>Et non il ne s\u2019agit pas d\u2019un combat, d\u2019une lutte pour le plus fort. Ce n\u2019est pas une question de d\u00e9terminer lequel entre l\u2019homme et la femme est le plus fort. C\u2019est une question de comprendre, int\u00e9grer et incarner le fait que les humains sont tous \u00e9gaux, peu importe leur sexe, leur statut ou leur nationalit\u00e9. Une femme a le droit de faire tous les m\u00e9tiers du monde, d\u2019\u00e9tudier et de travailler dans ce qu\u2019elle juge \u00eatre sa sph\u00e8re, m\u00eame si c\u2019est moins commun, m\u00eame si cela exige une grande force physique, une endurance hors du commun et un courage l\u00e9gendaire.<\/p>\n<p>Le mot f\u00e9ministe fait peur aujourd\u2019hui et je suis outr\u00e9e qu\u2019on s\u2019attarde sur un d\u00e9bat s\u00e9mantique plut\u00f4t que sur des conditions de vie. Soyez f\u00e9ministe, \u00e9galitaire, humaniste ou ce que vous voudrez. Mais r\u00e9agissez quand vous faite face \u00e0 une in\u00e9galit\u00e9, \u00e0 un manque de respect, \u00e0 de la misogynie ou un quelconque comportement injuste. Que ce soit face \u00e0 une femme, une personne \u00e2g\u00e9e, un homme, un enfant, un immigrant ou un \u00ab\u00a0pure laine\u00a0\u00bb\u2026 Je l\u2019ai \u00e9crit hier et je le r\u00e9it\u00e8re\u00a0: un humain c\u2019est un humain.<\/p>\n<p>Soyons solidaires, fraternels et inclusifs. Soutenons-nous, qui que nous soyons. \u00c7a reste \u00e0 mes yeux la plus belle fa\u00e7on de combattre le mal sans violence ni haut cri. \u00c7a reste de l\u2019humanit\u00e9\u2026<\/p>\n<p>&nbsp;<\/p>\n<p>Photo : Unsplash | Patrick Hendry<\/p>\n","protected":false},"excerpt":{"rendered":"<p>Hier, j\u2019ai pris le temps de lire, d\u2019observer et d\u2019analyser rapidement ce qui se disait ou se pensait au sujet&hellip;<\/p>\n","protected":false},"author":1,"featured_media":831,"comment_status":"open","ping_status":"open","sticky":false,"template":"","format":"standard","meta":{"footnotes":""},"categories":[6],"tags":[],"class_list":["post-830","post","type-post","status-publish","format-standard","has-post-thumbnail","hentry","category-societe"],"_links":{"self":[{"href":"https:\/\/mestrouvailles.ca\/index.php\/wp-json\/wp\/v2\/posts\/830","targetHints":{"allow":["GET"]}}],"collection":[{"href":"https:\/\/mestrouvailles.ca\/index.php\/wp-json\/wp\/v2\/posts"}],"about":[{"href":"https:\/\/mestrouvailles.ca\/index.php\/wp-json\/wp\/v2\/types\/post"}],"author":[{"embeddable":true,"href":"https:\/\/mestrouvailles.ca\/index.php\/wp-json\/wp\/v2\/users\/1"}],"replies":[{"embeddable":true,"href":"https:\/\/mestrouvailles.ca\/index.php\/wp-json\/wp\/v2\/comments?post=830"}],"version-history":[{"count":1,"href":"https:\/\/mestrouvailles.ca\/index.php\/wp-json\/wp\/v2\/posts\/830\/revisions"}],"predecessor-version":[{"id":832,"href":"https:\/\/mestrouvailles.ca\/index.php\/wp-json\/wp\/v2\/posts\/830\/revisions\/832"}],"wp:featuredmedia":[{"embeddable":true,"href":"https:\/\/mestrouvailles.ca\/index.php\/wp-json\/wp\/v2\/media\/831"}],"wp:attachment":[{"href":"https:\/\/mestrouvailles.ca\/index.php\/wp-json\/wp\/v2\/media?parent=830"}],"wp:term":[{"taxonomy":"category","embeddable":true,"href":"https:\/\/mestrouvailles.ca\/index.php\/wp-json\/wp\/v2\/categories?post=830"},{"taxonomy":"post_tag","embeddable":true,"href":"https:\/\/mestrouvailles.ca\/index.php\/wp-json\/wp\/v2\/tags?post=830"}],"curies":[{"name":"wp","href":"https:\/\/api.w.org\/{rel}","templated":true}]}}