{"id":948,"date":"2016-04-19T07:49:09","date_gmt":"2016-04-19T11:49:09","guid":{"rendered":"http:\/\/mestrouvailles.ca\/?p=948"},"modified":"2016-04-19T07:49:09","modified_gmt":"2016-04-19T11:49:09","slug":"savoir-pourquoi-on-fait-tout-ca-ca-vaut-la-peine-non","status":"publish","type":"post","link":"https:\/\/mestrouvailles.ca\/index.php\/2016\/04\/19\/savoir-pourquoi-on-fait-tout-ca-ca-vaut-la-peine-non\/","title":{"rendered":"Savoir pourquoi on fait tout \u00e7a, \u00e7a vaut la peine, non?"},"content":{"rendered":"<p>Avec la belle saison qui s\u2019installe tranquillement devant nous, un seul constat me vient \u00e0 l\u2019esprit\u00a0: je manque de temps. Ou si vous pr\u00e9f\u00e9rez ma petite philosophie du mardi matin : le temps passe trop vite. Du temps pour savourer la fra\u00eecheur du matin pendant que le soleil fait entrer ses rayons de soleil dans ma maison, du temps pour \u00e9couter les oiseaux se raconter leur nuit, du temps pour me pr\u00e9lasser, du temps pour aller marcher, du temps pour nettoyer la maison qui a \u00e9t\u00e9 ferm\u00e9e tout l\u2019hiver et qui manque cruellement d\u2019air, du temps pour prendre un caf\u00e9 avec mes amis, du temps pour r\u00e9fl\u00e9chir, \u00e9crire et lire\u2026 Bref, du temps pour vivre\u2026<\/p>\n<p>On court apr\u00e8s nos vies, m\u00e9tro-boulot-dodo, on travaille fort pour se payer ce rythme de vie effr\u00e9n\u00e9, pour prendre des vacances, pour payer l\u2019hypoth\u00e8que, la voiture et je-ne-sais quoi d\u2019autre\u2026 On esp\u00e8re pouvoir prendre notre retraite assez t\u00f4t pour pouvoir profiter de la vie, du temps qu\u2019il nous restera\u2026 Mais finalement rien ne nous garantit que plus tard, on aura l\u2019\u00e9nergie et l\u2019envie de faire tout ce qu\u2019on avait en t\u00eate. Alors \u00e0 quoi \u00e7a rime?<\/p>\n<p>Pouvoir prendre des vacances, des vraies, c\u2019est probablement une des raisons principales de mon statut de consultante. Et on n\u2019a beau me proposer des postes permanents \u00e0 chaque mandat que j\u2019entreprends, mon id\u00e9e est tr\u00e8s claire dans ma t\u00eate. Sans ces pauses, je ne survivrais pas. J\u2019ai besoin de m\u2019arr\u00eater, de prendre les temps de me d\u00e9poser, de sortir du tourbillon pour me ressourcer, refaire mes \u00e9nergies pour attaquer le prochain projet. Et je ne comprends sinc\u00e8rement pas les gens qui ne prennent jamais de vacances.<\/p>\n<p>Je sais, les pr\u00e9sidents d\u2019entreprise me diront qu\u2019ils aiment tellement ce qu\u2019ils font que ce n\u2019est pas n\u00e9cessaire. Mais \u00e0 mes yeux, c\u2019est du vent tout \u00e7a. Je reste persuad\u00e9e qu\u2019il faut par moment d\u00e9crocher de tout \u00e7a et laisser notre esprit divaguer dans d\u2019autres sph\u00e8res. Retrouver notre c\u0153ur d\u2019enfant du temps qu\u2019on avait une pause de 2 mois pendant l\u2019\u00e9t\u00e9\u2026 Rien avoir devant soi pour quelques semaines, aucune obligation, aucun engagement\u2026 Laisser la pleine libert\u00e9 \u00e0 la vie de nous proposer des directions, des activit\u00e9s ou des exp\u00e9riences.<\/p>\n<p>\u00catre pleinement soi-m\u00eame, sans artifice, sans carapace, sans habits de travail\u2026 Vivement les gougounes, les camisoles, et les journ\u00e9es sans horaire! Ouvrir sa tablette uniquement pour regarder la m\u00e9t\u00e9o, passer 2 jours \u00e0 d\u00e9vorer un roman dans un hamac, boire un verre de ros\u00e9 un mercredi apr\u00e8s-midi sans culpabilit\u00e9, aller \u00e0 la plage en pleine semaine\u2026 Vivre \u00e0 contre-courant, je crois qu\u2019il n\u2019y a rien de plus reposant!<\/p>\n<p>Alors je vous invite \u00e0 r\u00e9fl\u00e9chir vous aussi au temps qui passe (trop vite \u00e0 mes yeux) et \u00e0 r\u00e9fl\u00e9chir \u00e0 ce que vous voulez en faire. Il y a exactement 1440 minutes dans une journ\u00e9e et on en passe beaucoup trop dans un cubicule de bureau\u2026 Que ferez-vous cet \u00e9t\u00e9? Avez-vous planifi\u00e9 vos vacances ou laisserez-vous le hasard vous guider?<\/p>\n<p>Il n\u2019y a rien de plus int\u00e9ressant \u00e0 visualiser que nos propres vacances je crois. Et moi, \u00e7a me motive. Savoir pourquoi on fait tout \u00e7a, \u00e7a vaut la peine, non?<\/p>\n<p>\u00a0<\/p>\n<p>Photo : Unsplash |\u00a0Arno Smit<\/p>\n","protected":false},"excerpt":{"rendered":"<p>Avec la belle saison qui s\u2019installe tranquillement devant nous, un seul constat me vient \u00e0 l\u2019esprit\u00a0: je manque de temps.&hellip;<\/p>\n","protected":false},"author":1,"featured_media":949,"comment_status":"open","ping_status":"open","sticky":false,"template":"","format":"standard","meta":{"footnotes":""},"categories":[117],"tags":[],"class_list":["post-948","post","type-post","status-publish","format-standard","has-post-thumbnail","hentry","category-reflexion"],"_links":{"self":[{"href":"https:\/\/mestrouvailles.ca\/index.php\/wp-json\/wp\/v2\/posts\/948","targetHints":{"allow":["GET"]}}],"collection":[{"href":"https:\/\/mestrouvailles.ca\/index.php\/wp-json\/wp\/v2\/posts"}],"about":[{"href":"https:\/\/mestrouvailles.ca\/index.php\/wp-json\/wp\/v2\/types\/post"}],"author":[{"embeddable":true,"href":"https:\/\/mestrouvailles.ca\/index.php\/wp-json\/wp\/v2\/users\/1"}],"replies":[{"embeddable":true,"href":"https:\/\/mestrouvailles.ca\/index.php\/wp-json\/wp\/v2\/comments?post=948"}],"version-history":[{"count":1,"href":"https:\/\/mestrouvailles.ca\/index.php\/wp-json\/wp\/v2\/posts\/948\/revisions"}],"predecessor-version":[{"id":950,"href":"https:\/\/mestrouvailles.ca\/index.php\/wp-json\/wp\/v2\/posts\/948\/revisions\/950"}],"wp:featuredmedia":[{"embeddable":true,"href":"https:\/\/mestrouvailles.ca\/index.php\/wp-json\/wp\/v2\/media\/949"}],"wp:attachment":[{"href":"https:\/\/mestrouvailles.ca\/index.php\/wp-json\/wp\/v2\/media?parent=948"}],"wp:term":[{"taxonomy":"category","embeddable":true,"href":"https:\/\/mestrouvailles.ca\/index.php\/wp-json\/wp\/v2\/categories?post=948"},{"taxonomy":"post_tag","embeddable":true,"href":"https:\/\/mestrouvailles.ca\/index.php\/wp-json\/wp\/v2\/tags?post=948"}],"curies":[{"name":"wp","href":"https:\/\/api.w.org\/{rel}","templated":true}]}}