{"id":957,"date":"2016-04-22T08:11:52","date_gmt":"2016-04-22T12:11:52","guid":{"rendered":"http:\/\/mestrouvailles.ca\/?p=957"},"modified":"2016-04-22T08:12:17","modified_gmt":"2016-04-22T12:12:17","slug":"22-avril-jour-de-la-terre","status":"publish","type":"post","link":"https:\/\/mestrouvailles.ca\/index.php\/2016\/04\/22\/22-avril-jour-de-la-terre\/","title":{"rendered":"22 avril\u00a0: Jour de la Terre"},"content":{"rendered":"<p>22 avril pluvieux, la terre pleure et nous indique son d\u00e9sarroi face au traitement qu\u2019on lui inflige. Elle est triste notre plan\u00e8te de voir \u00e0 quel point on est m\u00e9chant et \u00e9go\u00efste. On ne pense qu\u2019\u00e0 nous, on ne fait pas attention \u00e0 elle. Notre terre est une femme battue et m\u00e9pris\u00e9e.<\/p>\n<p>Vous me trouvez dure ce matin? Effectivement mais il ne s\u2019agit que du constat navrant de nos agissements incoh\u00e9rents et irrespectueux envers cette terre qui ne demande qu\u2019\u00e0 \u00eatre notre amie. On l\u2019intime et on la maltraite comme bon nous semble, on en abuse comme si elle nous appartenait et qu\u2019on \u00e9tait en droit d\u2019en faire ce qu\u2019on voulait. Mais pourtant, on devrait en prendre soin comme si c\u2019\u00e9tait une pierre pr\u00e9cieuse, une ressource exceptionnelle. Comme notre m\u00e8re, notre s\u0153ur, notre amie\u2026<\/p>\n<p>Il n\u2019y a pas que le 22 avril qu\u2019on doit s\u2019arr\u00eater pour r\u00e9fl\u00e9chir \u00e0 notre relation avec la terre. C\u2019est toute l\u2019ann\u00e9e qu\u2019il faut repenser notre mode de vie, notre empreinte \u00e9cologique et\u00a0 surtout \u00e0 l\u2019avenir qu\u2019on d\u00e9termine par nos agissements. Le th\u00e8me de cette ann\u00e9e est particuli\u00e8rement r\u00e9v\u00e9lateur\u00a0: Offrons mieux \u00e0 nos enfants.<\/p>\n<p>Car effectivement, ce que vous faites aujourd\u2019hui n\u2019a peut-\u00eatre pas de cons\u00e9quence dans votre quotidien mais dans 20 ans, dans 50 ans, tous nos petits d\u00e9fauts de consommation auront eu un impact majeur sur la qualit\u00e9 de vie des g\u00e9n\u00e9rations futures. On peut faire semblant et se mettre la t\u00eate dans le sable (pollu\u00e9 par nos pesticides) mais un jour ou l\u2019autre, et plus t\u00f4t que tard, \u00e7a nous rattrapera.<\/p>\n<p>Individuellement et collectivement,\u00a0 nous avons une grande responsabilit\u00e9 et nous devons en prendre conscience. Les choses ont chang\u00e9 et nous avons fait quelques pas dans la bonne direction mais il y a encore beaucoup \u00e0 faire. Le cycle de vie des objets que l\u2019on consomme, les emballages inutiles des aliments qu\u2019on ach\u00e8te, le recyclage d\u00e9ficient, tous ces \u00e9l\u00e9ments et bien d\u2019autres devraient faire partie des pr\u00e9occupations de nos \u00e9lus et de notre propre mode de consommation.<\/p>\n<p>Acheter, c\u2019est voter, vous vous souvenez de ce slogan? Laure Waridel en a fait un <a href=\"http:\/\/ecosociete.org\/livres\/acheter-c-est-voter\" target=\"_blank\">livre <\/a>il y a quelques ann\u00e9es et il est tristement toujours d\u2019actualit\u00e9. Cet ouvrage pouvait se r\u00e9sumer \u00e0\u00a0notre pouvoir de contribuer par nos choix de consommation au d\u00e9veloppement d\u2019une \u00e9conomie responsable. Si vous n\u2019avez jamais mis la main sur ce livre, je vous le sugg\u00e8re fortement. Il fait r\u00e9fl\u00e9chi, et bien \u00e0 part \u00e7a!<\/p>\n<p>Alors, si vous vous sentez d\u2019attaque pour arr\u00eater de nier l\u2019\u00e9vidence, si vous comprenez que chaque petit pas compte, consultez le site de l\u2019organisme pour conna\u00eetre les activit\u00e9s du Jour de la Terre mais aussi, pour savoir comment, toute l\u2019ann\u00e9e vous pouvez embarquer dans le train du changement\u00a0:<br \/>\n<a href=\"http:\/\/www.jourdelaterre.org\/agenda-2016\/\" target=\"_blank\">http:\/\/www.jourdelaterre.org\/agenda-2016\/<\/a><\/p>\n<p>Comme on dit\u00a0: qui ne tente rien n\u2019a rien!<\/p>\n<p>Photo : Jour de la Terre<\/p>\n","protected":false},"excerpt":{"rendered":"<p>22 avril pluvieux, la terre pleure et nous indique son d\u00e9sarroi face au traitement qu\u2019on lui inflige. Elle est triste&hellip;<\/p>\n","protected":false},"author":1,"featured_media":958,"comment_status":"open","ping_status":"open","sticky":false,"template":"","format":"standard","meta":{"footnotes":""},"categories":[3],"tags":[],"class_list":["post-957","post","type-post","status-publish","format-standard","has-post-thumbnail","hentry","category-consommation"],"_links":{"self":[{"href":"https:\/\/mestrouvailles.ca\/index.php\/wp-json\/wp\/v2\/posts\/957","targetHints":{"allow":["GET"]}}],"collection":[{"href":"https:\/\/mestrouvailles.ca\/index.php\/wp-json\/wp\/v2\/posts"}],"about":[{"href":"https:\/\/mestrouvailles.ca\/index.php\/wp-json\/wp\/v2\/types\/post"}],"author":[{"embeddable":true,"href":"https:\/\/mestrouvailles.ca\/index.php\/wp-json\/wp\/v2\/users\/1"}],"replies":[{"embeddable":true,"href":"https:\/\/mestrouvailles.ca\/index.php\/wp-json\/wp\/v2\/comments?post=957"}],"version-history":[{"count":2,"href":"https:\/\/mestrouvailles.ca\/index.php\/wp-json\/wp\/v2\/posts\/957\/revisions"}],"predecessor-version":[{"id":960,"href":"https:\/\/mestrouvailles.ca\/index.php\/wp-json\/wp\/v2\/posts\/957\/revisions\/960"}],"wp:featuredmedia":[{"embeddable":true,"href":"https:\/\/mestrouvailles.ca\/index.php\/wp-json\/wp\/v2\/media\/958"}],"wp:attachment":[{"href":"https:\/\/mestrouvailles.ca\/index.php\/wp-json\/wp\/v2\/media?parent=957"}],"wp:term":[{"taxonomy":"category","embeddable":true,"href":"https:\/\/mestrouvailles.ca\/index.php\/wp-json\/wp\/v2\/categories?post=957"},{"taxonomy":"post_tag","embeddable":true,"href":"https:\/\/mestrouvailles.ca\/index.php\/wp-json\/wp\/v2\/tags?post=957"}],"curies":[{"name":"wp","href":"https:\/\/api.w.org\/{rel}","templated":true}]}}